{"id":40358,"date":"2020-05-11T15:50:06","date_gmt":"2020-05-11T17:50:06","guid":{"rendered":"http:\/\/www2.comunitaria.com.br\/?p=40358"},"modified":"2020-05-11T15:50:06","modified_gmt":"2020-05-11T17:50:06","slug":"jovem-de-cristal-do-sul-e-exemplo-de-empreendedorismo-e-sucessao-familiar","status":"publish","type":"post","link":"https:\/\/www2.comunitaria.com.br\/en\/jovem-de-cristal-do-sul-e-exemplo-de-empreendedorismo-e-sucessao-familiar\/","title":{"rendered":"Jovem de Cristal do Sul \u00e9 exemplo de Empreendedorismo e Sucess\u00e3o Familiar"},"content":{"rendered":"<p style=\"text-align: justify;\"><em>Exemplo \u00e9 o associado da Sicredi Alto Uruguai RS\/SC\/MG, Jonas Graebin<\/em><\/p>\n<p style=\"text-align: justify;\">Esfor\u00e7ado, tanto nos estudos como nas atividades na propriedade familiar, localizada na linha Palmital, em Cristal do Sul, Jonas Graebin, 18 anos, j\u00e1 colhe os resultados de sua dedica\u00e7\u00e3o. Na Casa Familiar Rural (CFR) de Frederico Westphalen\/RS, onde escolheu cursar o ensino m\u00e9dio pela institui\u00e7\u00e3o ser voltada aos alunos que querem ficar no campo, Jonas ganhou duas bolsas pelos bons projetos desenvolvidos. A primeira foi de uma empresa, atrav\u00e9s do projeto Novos Rurais, voltado \u00e0 bacia leiteira, atividade que foi ampliada na propriedade com o conhecimento adquirido. Al\u00e9m disso, ele foi contemplado com outra bolsa, esta por apresentar um dos melhores projetos da CFR \u2013 Projeto Profissional de Vida \u2013 que recebeu o apoio do Sicredi. Como quer continuar estudando, Jonas optou por investir o valor em um curso superior de Tecnologia em Agropecu\u00e1ria, que come\u00e7ou a frequentar em 2020.<\/p>\n<p style=\"text-align: justify;\">Mas foi atrav\u00e9s do Programa L\u00edder Jovem, desenvolvido pela Sicredi Alto Uruguai RS\/SC\/MG, que Jonas viu grandes mudan\u00e7as na sua vida pessoal. Em 2019, participou do programa, que segundo ele contribuiu muito para seu aprendizado. \u201cAl\u00e9m de conhecer o quanto o cooperativismo \u00e9 importante na nossa vida, o curso me ajudou muito na minha forma\u00e7\u00e3o como pessoa, inclusive foram muitos os aprendizados que posso aproveitar tamb\u00e9m dentro da propriedade, como saber a melhor forma de trabalhar juntos, pois somos uma fam\u00edlia e l\u00edderes dentro da nossa propriedade. Conseguimos ter mais clareza sobre a melhor forma de nos comportarmos na sociedade, auxiliou tamb\u00e9m na import\u00e2ncia de ter um bom car\u00e1ter diante das pessoas, ensinamentos que podemos passar inclusive aos nossos filhos, no futuro\u201d, frisa.<\/p>\n<p style=\"text-align: justify;\">A fam\u00edlia ainda participou do Programa Propriedade Sustent\u00e1vel, tamb\u00e9m por meio do Sicredi, que, conforme Jonas, ajudou terem mais vis\u00e3o do que querem fazer dentro do espa\u00e7o familiar. \u201cSabendo aproveitar, sempre h\u00e1 aprendizado do que nos \u00e9 proporcionado. Por tudo isso, somos muito gratos \u00e0 Cooperativa que sempre esteve do nosso lado\u201d, assegura o jovem.<\/p>\n<p style=\"text-align: justify;\">&nbsp;<\/p>\n<p style=\"text-align: justify;\"><strong>Os avan\u00e7os na propriedade<\/strong><\/p>\n<p style=\"text-align: justify;\">Desde pequeno, Jonas conta que sempre teve vontade de permanecer na propriedade que h\u00e1 50 anos era de seus av\u00f3s paternos. Ao longo do tempo, os investimentos feitos no local e os consequentes resultados positivos, foram motivando o jovem, ainda mais, a ficar atuando nas atividades seguidas pelos seus pais.<\/p>\n<p style=\"text-align: justify;\">Em 2011, com o apoio do Sicredi, a fam\u00edlia decidiu ampliar os ganhos e construiu a primeira pocilga, com capacidade para 630 animais. Com o retorno significativo, em 2018, foi instalada a segunda pocilga, com capacidade para abrigar mil animais, tamb\u00e9m atrav\u00e9s de financiamento do Sicredi. Apesar da fam\u00edlia toda auxiliar no trabalho, a renda dos su\u00ednos fica para Jonas e seu irm\u00e3o Junior \u2013 que tamb\u00e9m estudou na CFR \u2013, e assim ambos se motivam, ainda mais, a ficarem e a investirem no campo.<\/p>\n<p style=\"text-align: justify;\">Al\u00e9m disso, neste ano, o Sicredi financiou tamb\u00e9m uma \u00e1rea de terra. Atualmente, o total da propriedade \u00e9 de 28 hectares. \u201cSe n\u00e3o fosse por esta confian\u00e7a do Sicredi em n\u00f3s, n\u00e3o ter\u00edamos conseguido comprar e nem desenvolver a nossa propriedade. Seremos eternamente gratos \u00e0 Cooperativa que acreditou em n\u00f3s e no nosso trabalho. Queremos investir ainda mais e esperamos continuar contando com o apoio desta institui\u00e7\u00e3o\u201d, frisa o jovem.<\/p>\n<p><em>*Ascom\/Sicrei<\/em><\/p>","protected":false},"excerpt":{"rendered":"<p>Exemplo \u00e9 o associado da Sicredi Alto Uruguai RS\/SC\/MG, Jonas Graebin Esfor\u00e7ado, tanto nos estudos como nas atividades na propriedade familiar, localizada na linha Palmital, em Cristal do Sul, Jonas&#8230;<\/p>","protected":false},"author":2,"featured_media":40360,"comment_status":"open","ping_status":"closed","sticky":false,"template":"","format":"standard","meta":{"ngg_post_thumbnail":0,"footnotes":""},"categories":[28,33],"tags":[],"class_list":["post-40358","post","type-post","status-publish","format-standard","has-post-thumbnail","hentry","category-destaque","category-noticias"],"amp_enabled":true,"_links":{"self":[{"href":"https:\/\/www2.comunitaria.com.br\/en\/wp-json\/wp\/v2\/posts\/40358","targetHints":{"allow":["GET"]}}],"collection":[{"href":"https:\/\/www2.comunitaria.com.br\/en\/wp-json\/wp\/v2\/posts"}],"about":[{"href":"https:\/\/www2.comunitaria.com.br\/en\/wp-json\/wp\/v2\/types\/post"}],"author":[{"embeddable":true,"href":"https:\/\/www2.comunitaria.com.br\/en\/wp-json\/wp\/v2\/users\/2"}],"replies":[{"embeddable":true,"href":"https:\/\/www2.comunitaria.com.br\/en\/wp-json\/wp\/v2\/comments?post=40358"}],"version-history":[{"count":0,"href":"https:\/\/www2.comunitaria.com.br\/en\/wp-json\/wp\/v2\/posts\/40358\/revisions"}],"wp:featuredmedia":[{"embeddable":true,"href":"https:\/\/www2.comunitaria.com.br\/en\/wp-json\/wp\/v2\/media\/40360"}],"wp:attachment":[{"href":"https:\/\/www2.comunitaria.com.br\/en\/wp-json\/wp\/v2\/media?parent=40358"}],"wp:term":[{"taxonomy":"category","embeddable":true,"href":"https:\/\/www2.comunitaria.com.br\/en\/wp-json\/wp\/v2\/categories?post=40358"},{"taxonomy":"post_tag","embeddable":true,"href":"https:\/\/www2.comunitaria.com.br\/en\/wp-json\/wp\/v2\/tags?post=40358"}],"curies":[{"name":"wp","href":"https:\/\/api.w.org\/{rel}","templated":true}]}}