{"id":40300,"date":"2020-05-08T15:19:59","date_gmt":"2020-05-08T17:19:59","guid":{"rendered":"http:\/\/www2.comunitaria.com.br\/?p=40300"},"modified":"2020-05-08T15:20:13","modified_gmt":"2020-05-08T17:20:13","slug":"ecoponto-de-lixo-eletronico-e-reinstalado-no-parque-de-exposicoes-em-fw","status":"publish","type":"post","link":"https:\/\/www2.comunitaria.com.br\/en\/ecoponto-de-lixo-eletronico-e-reinstalado-no-parque-de-exposicoes-em-fw\/","title":{"rendered":"Ecoponto de lixo eletr\u00f4nico \u00e9 reinstalado no Parque de Exposi\u00e7\u00f5es em FW"},"content":{"rendered":"<p style=\"text-align: justify;\"><em>Ponto fixo de recolhimento dos materiais havia sido removido devido a Expofred 2020<\/em><\/p>\n<p style=\"text-align: justify;\">A Administra\u00e7\u00e3o Municipal, por meio da Secretaria de Meio Ambiente (Semma), informa que o ecoponto de recolhimento de lixo eletr\u00f4nico foi reinstalado no Parque de Exposi\u00e7\u00f5es Monsenhor Vitor Batistella, no Pavilh\u00e3o 3, em Frederico Westphalen.<\/p>\n<p style=\"text-align: justify;\">O ponto fixo de coleta eletr\u00f4nica que havia no local foi removido para a realiza\u00e7\u00e3o da Expofred 2020, que devido a pandemia do novo coronav\u00edrus teve sua programa\u00e7\u00e3o cancelada.&nbsp;<\/p>\n<p style=\"text-align: justify;\"><strong>N\u00e3o ser\u00e3o aceitos toner, pilhas, baterias e l\u00e2mpadas inserv\u00edveis<\/strong>, sendo necess\u00e1ria a negocia\u00e7\u00e3o destes materiais diretamente com a empresa. Para efetuar o descarte, a comunidade pode se dirigir at\u00e9 o parque de exposi\u00e7\u00f5es das 8 horas ao meio-dia e das 13h30 \u00e0s 17h30, de segunda \u00e0 sexta-feira.&nbsp;<\/p>\n<p style=\"text-align: justify;\"><strong>Materiais que podem ser descartados no ecoponto:<\/strong><\/p>\n<ul>\n<li style=\"text-align: justify;\">Aparelho de som<\/li>\n<li>Ar condicionado de janela, Split, Aquecedores<\/li>\n<li>Bebedouro<\/li>\n<li>Cabos e fios<\/li>\n<li>Cafeteira, Liquidificador e Batedeira<\/li>\n<li>Calculadoras<\/li>\n<li>Carregadores em geral<\/li>\n<li>Celulares e telefones no geral<\/li>\n<li>Centrais Telef\u00f4nicas<\/li>\n<li>Chuveiro<\/li>\n<li>CPU<\/li>\n<li>DVD e V\u00eddeo Cassete<\/li>\n<li>Estabilizadores e Nobreak<\/li>\n<li>Fax<\/li>\n<li>Ferro El\u00e9trico<\/li>\n<li>Fontes de Microcomputadores<\/li>\n<li>Forno El\u00e9trico<\/li>\n<li>Freezer<\/li>\n<li>Geladeira<\/li>\n<li>HD<\/li>\n<li>Impressoras e Scanners<\/li>\n<li>Lavadora de Roupa, Secadora de Roupa e Centr\u00edfuga<\/li>\n<li>Linha Branca<\/li>\n<li>M\u00e1quina de Escrever<\/li>\n<li>M\u00e1quina de Lavar Lou\u00e7a<\/li>\n<li>Microondas<\/li>\n<li>Modem<\/li>\n<li>Monitores CRT e de LED<\/li>\n<li>Mouse<\/li>\n<li>Notebook<\/li>\n<li>Pen Drive<\/li>\n<li>Para-Brisa sob consulta<\/li>\n<li>Placas em Geral<\/li>\n<li>Pl\u00e1stico ABS\/PP\/PS<\/li>\n<li>Receptores<\/li>\n<li>Roteadores<\/li>\n<li>Servidores<\/li>\n<li>T\u00e9rmicas<\/li>\n<li>Teclados<\/li>\n<li>TV de Tubo, Led e LCD<\/li>\n<li>Torneiras<\/li>\n<li>Unidade de CD, DVD e Disquete<\/li>\n<\/ul>\n<p>&nbsp;<\/p>","protected":false},"excerpt":{"rendered":"<p>Ponto fixo de recolhimento dos materiais havia sido removido devido a Expofred 2020 A Administra\u00e7\u00e3o Municipal, por meio da Secretaria de Meio Ambiente (Semma), informa que o ecoponto de recolhimento&#8230;<\/p>","protected":false},"author":2,"featured_media":40313,"comment_status":"open","ping_status":"closed","sticky":false,"template":"","format":"standard","meta":{"ngg_post_thumbnail":0,"footnotes":""},"categories":[42,33],"tags":[],"class_list":["post-40300","post","type-post","status-publish","format-standard","has-post-thumbnail","hentry","category-fred-west","category-noticias"],"amp_enabled":true,"_links":{"self":[{"href":"https:\/\/www2.comunitaria.com.br\/en\/wp-json\/wp\/v2\/posts\/40300","targetHints":{"allow":["GET"]}}],"collection":[{"href":"https:\/\/www2.comunitaria.com.br\/en\/wp-json\/wp\/v2\/posts"}],"about":[{"href":"https:\/\/www2.comunitaria.com.br\/en\/wp-json\/wp\/v2\/types\/post"}],"author":[{"embeddable":true,"href":"https:\/\/www2.comunitaria.com.br\/en\/wp-json\/wp\/v2\/users\/2"}],"replies":[{"embeddable":true,"href":"https:\/\/www2.comunitaria.com.br\/en\/wp-json\/wp\/v2\/comments?post=40300"}],"version-history":[{"count":0,"href":"https:\/\/www2.comunitaria.com.br\/en\/wp-json\/wp\/v2\/posts\/40300\/revisions"}],"wp:featuredmedia":[{"embeddable":true,"href":"https:\/\/www2.comunitaria.com.br\/en\/wp-json\/wp\/v2\/media\/40313"}],"wp:attachment":[{"href":"https:\/\/www2.comunitaria.com.br\/en\/wp-json\/wp\/v2\/media?parent=40300"}],"wp:term":[{"taxonomy":"category","embeddable":true,"href":"https:\/\/www2.comunitaria.com.br\/en\/wp-json\/wp\/v2\/categories?post=40300"},{"taxonomy":"post_tag","embeddable":true,"href":"https:\/\/www2.comunitaria.com.br\/en\/wp-json\/wp\/v2\/tags?post=40300"}],"curies":[{"name":"wp","href":"https:\/\/api.w.org\/{rel}","templated":true}]}}