{"id":40121,"date":"2020-04-30T15:29:14","date_gmt":"2020-04-30T17:29:14","guid":{"rendered":"http:\/\/www2.comunitaria.com.br\/?p=40121"},"modified":"2020-04-30T15:29:14","modified_gmt":"2020-04-30T17:29:14","slug":"ufsm-fw-e-entidades-municipais-se-unem-em-campanha-do-agasalho","status":"publish","type":"post","link":"https:\/\/www2.comunitaria.com.br\/en\/ufsm-fw-e-entidades-municipais-se-unem-em-campanha-do-agasalho\/","title":{"rendered":"UFSM-FW e entidades municipais se unem em Campanha do Agasalho"},"content":{"rendered":"<p dir=\"ltr\" style=\"text-align: justify;\"><span style=\"font-family: arial, sans-serif;\">Todos os anos, a UFSM-FW arrecada agasalhos com aux\u00edlio da sua comunidade acad\u00eamica. Neste ano, incentivado pelo isolamento social, a Universidade decidiu unir for\u00e7as com entidades do munic\u00edpio para a Campanha do Agasalho 2020. A Liga Feminina de Combate ao C\u00e2ncer, Lions Club, Leo Clube, Associa\u00e7\u00e3o Comercial, Industrial e de Presta\u00e7\u00e3o de Servi\u00e7os (ACI) e a UFSM-FW est\u00e3o juntos para arrecadar roupas de inverno para auxiliar a&nbsp; comunidade no enfrentamento da esta\u00e7\u00e3o mais fria do ano.<\/span><\/p>\n<p dir=\"ltr\" style=\"text-align: justify;\"><span style=\"font-family: arial, sans-serif;\">Nesta edi\u00e7\u00e3o, a campanha tem o tema \u201cUnindo nossos cora\u00e7\u00f5es para ajudar quem precisa\u201d, refor\u00e7ando a import\u00e2ncia da ajuda de todos nesse per\u00edodo de frio e isolamento social em fun\u00e7\u00e3o do Coronav\u00edrus. Segundo a respons\u00e1vel pela campanha na Universidade, Silvane Brand, \u201cdiante da pandemia, o desemprego s\u00f3 tem aumentado, fazendo com que as pessoas n\u00e3o tenham condi\u00e7\u00f5es de comprar seus agasalhos\u201d.<\/span><\/p>\n<p dir=\"ltr\" style=\"text-align: justify;\"><span style=\"font-family: arial, sans-serif;\">Com as quest\u00f5es do coronav\u00edrus, \u00e9 necess\u00e1rio redobrar os cuidados de higieniza\u00e7\u00e3o para a&nbsp; doa\u00e7\u00e3o das roupas. As entidades envolvidas solicitam que as pe\u00e7as doadas estejam em boas condi\u00e7\u00f5es de uso, limpas, dobradas e em sacolas. Segundo a assistente social do munic\u00edpio, a procura \u00e9 maior por roupas masculinas e infantis.<\/span><\/p>\n<p dir=\"ltr\" style=\"text-align: justify;\"><span style=\"font-family: arial, sans-serif;\">Os pontos de coleta s\u00e3o:<\/span><\/p>\n<p dir=\"ltr\" style=\"text-align: justify;\"><span style=\"font-family: arial, sans-serif;\">Supermercado Barril \u2013 R. Apar\u00edcio Borges, 216 \u2013 Centro, Frederico Westphalen<\/span><\/p>\n<p dir=\"ltr\" style=\"text-align: justify;\"><span style=\"font-family: arial, sans-serif;\">Supermercado Bertoletti \u2013 Av. Jo\u00e3o Mu\u00f1iz Reis, 1218 \u2013 Centro, Frederico Westphalen&nbsp;<\/span><\/p>\n<p dir=\"ltr\" style=\"text-align: justify;\"><span style=\"font-family: arial, sans-serif;\">Supermercado Sorriso \u2013&nbsp;R. Alfredo Haubert, 619 \u2013 Centro, Frederico Westphalen<\/span><\/p>\n<p dir=\"ltr\" style=\"text-align: justify;\"><span style=\"font-family: arial, sans-serif;\">Supermercado Peretto \u2013 R. Santo Ceruti, 605 \u2013 Centro, Frederico Westphalen<\/span><\/p>\n<p dir=\"ltr\" style=\"text-align: justify;\"><span style=\"font-family: arial, sans-serif;\">Livraria Centen\u00e1ria \u2013 R. do Com\u00e9rcio, 281 \u2013 Centro, Frederico Westphalen<\/span><\/p>\n<p dir=\"ltr\" style=\"text-align: justify;\"><span style=\"font-family: arial, sans-serif;\">Ap\u00f3s a coleta os agasalhos ser\u00e3o entregues para a Secretaria de Assist\u00eancia Social, que far\u00e1 a distribui\u00e7\u00e3o conforme necessidade dos mun\u00edcipes.<\/span><\/p>\n<h4 dir=\"ltr\" style=\"text-align: justify;\"><strong><span style=\"font-family: arial, sans-serif;\">Uni\u00e3o entre institui\u00e7\u00e3o e entidades<\/span><\/strong><\/h4>\n<p dir=\"ltr\" style=\"text-align: justify;\"><span style=\"font-family: arial, sans-serif;\">A ideia central da campanha \u00e9 mostrar a comunidade que mesmo diante do atual cen\u00e1rio de distanciamento social, \u00e9 poss\u00edvel ajudar uns aos outros. A organiza\u00e7\u00e3o do projeto acredita que a uni\u00e3o da Universidade e as entidades ir\u00e1 proporcionar um alcance ainda maior de doa\u00e7\u00f5es, tendo em vista que o n\u00famero de pessoas precisando de ajuda tamb\u00e9m aumentou.<\/span><\/p>\n<p dir=\"ltr\" style=\"text-align: justify;\"><span style=\"font-family: arial, sans-serif;\">Para Ramir Severiano, Presidente da ACI, \u201c\u00e9 muito importante a participa\u00e7\u00e3o das entidades e institui\u00e7\u00f5es nesse momento, pois as pessoas em situa\u00e7\u00e3o de vulnerabilidade ir\u00e3o precisar muito mais do apoio, n\u00e3o s\u00f3 pela situa\u00e7\u00e3o socioecon\u00f4mica, como tamb\u00e9m pela pandemia, tendo em vista que&nbsp; muito dessas pessoas trabalham na economia informal\u201d. O Presidente da Lions Club, Marcos Alves concorda com Ramir e indica que a uni\u00e3o \u00e9 essencial \u201cpois esse ano mais do que nunca ser\u00e1 um ano at\u00edpico em fun\u00e7\u00e3o do COVID-19\u2033 e refor\u00e7a \u201csolicitamos a comunidade que essas roupas doadas estejam limpas e em boas condi\u00e7\u00f5es de uso\u201d.<\/span><\/p>\n<p dir=\"ltr\" style=\"text-align: justify;\"><span style=\"font-family: arial, sans-serif;\">O Diretor da UFSM-FW, professor Arci Dirceu Wastowski acredita que a participa\u00e7\u00e3o da UFSM-FW em a\u00e7\u00f5es da cidade \u00e9 essencial. \u201c\u00c9 essencial que institui\u00e7\u00f5es unam suas for\u00e7as para enfrentar o momento que estamos passando. E a Campanha do Agasalho \u00e9 uma dessas a\u00e7\u00f5es que \u00e9 preciso uni\u00e3o\u201d, afirmou Wastowski.<\/span><\/p>\n<p style=\"text-align: justify;\"><span style=\"font-family: arial, sans-serif;\"><span id=\"m_6428621745276515295gmail-m_-7426404964192382918gmail-docs-internal-guid-329b4793-7fff-1028-cb3c-1b21c817d2b6\">Para mais informa\u00e7\u00f5es sobre a campanha, entre em contato com a UFSM-FW pelas redes sociais e para a distribui\u00e7\u00e3o das pe\u00e7as, entre em contato com a Secretaria de Assist\u00eancia Social de Frederico Westphalen pelo telefone (55) 3744-6943.<\/span>&nbsp;&nbsp;&nbsp;&nbsp;<\/p>\n<p><em>*Ascom\/UFSM-FW<\/em><\/span><\/p>","protected":false},"excerpt":{"rendered":"<p>Todos os anos, a UFSM-FW arrecada agasalhos com aux\u00edlio da sua comunidade acad\u00eamica. Neste ano, incentivado pelo isolamento social, a Universidade decidiu unir for\u00e7as com entidades do munic\u00edpio para a Campanha do Agasalho 2020. A Liga Feminina de Combate ao C\u00e2ncer, Lions Club, Leo Clube, Associa\u00e7\u00e3o Comercial, Industrial e de Presta\u00e7\u00e3o de Servi\u00e7os (ACI) e<\/p>\n<div class=\"read-more-wrapper\"><a class=\"read-more\" href=\"https:\/\/www2.comunitaria.com.br\/en\/ufsm-fw-e-entidades-municipais-se-unem-em-campanha-do-agasalho\/\" title=\"Read More\"> <span class=\"button\">Read More<\/span><\/a><\/div>","protected":false},"author":2,"featured_media":40123,"comment_status":"open","ping_status":"closed","sticky":false,"template":"","format":"standard","meta":{"ngg_post_thumbnail":0,"footnotes":""},"categories":[42,28,33],"tags":[1010],"class_list":["post-40121","post","type-post","status-publish","format-standard","has-post-thumbnail","hentry","category-fred-west","category-destaque","category-noticias","tag-campanha-do-agasalho"],"amp_enabled":true,"_links":{"self":[{"href":"https:\/\/www2.comunitaria.com.br\/en\/wp-json\/wp\/v2\/posts\/40121","targetHints":{"allow":["GET"]}}],"collection":[{"href":"https:\/\/www2.comunitaria.com.br\/en\/wp-json\/wp\/v2\/posts"}],"about":[{"href":"https:\/\/www2.comunitaria.com.br\/en\/wp-json\/wp\/v2\/types\/post"}],"author":[{"embeddable":true,"href":"https:\/\/www2.comunitaria.com.br\/en\/wp-json\/wp\/v2\/users\/2"}],"replies":[{"embeddable":true,"href":"https:\/\/www2.comunitaria.com.br\/en\/wp-json\/wp\/v2\/comments?post=40121"}],"version-history":[{"count":0,"href":"https:\/\/www2.comunitaria.com.br\/en\/wp-json\/wp\/v2\/posts\/40121\/revisions"}],"wp:featuredmedia":[{"embeddable":true,"href":"https:\/\/www2.comunitaria.com.br\/en\/wp-json\/wp\/v2\/media\/40123"}],"wp:attachment":[{"href":"https:\/\/www2.comunitaria.com.br\/en\/wp-json\/wp\/v2\/media?parent=40121"}],"wp:term":[{"taxonomy":"category","embeddable":true,"href":"https:\/\/www2.comunitaria.com.br\/en\/wp-json\/wp\/v2\/categories?post=40121"},{"taxonomy":"post_tag","embeddable":true,"href":"https:\/\/www2.comunitaria.com.br\/en\/wp-json\/wp\/v2\/tags?post=40121"}],"curies":[{"name":"wp","href":"https:\/\/api.w.org\/{rel}","templated":true}]}}