{"id":40059,"date":"2020-04-28T15:17:05","date_gmt":"2020-04-28T17:17:05","guid":{"rendered":"http:\/\/www2.comunitaria.com.br\/?p=40059"},"modified":"2020-04-28T15:18:51","modified_gmt":"2020-04-28T17:18:51","slug":"primeiro-caso-de-covid-19-e-confirmado-em-planalto","status":"publish","type":"post","link":"https:\/\/www2.comunitaria.com.br\/en\/primeiro-caso-de-covid-19-e-confirmado-em-planalto\/","title":{"rendered":"Primeiro caso de Covid-19 \u00e9 confirmado em Planalto"},"content":{"rendered":"<div class=\"article-body\">\n<p>O primeiro caso de coronav\u00edrus foi confirmado pela prefeitura de Planalto na tarde desta ter\u00e7a-feira, 28. Os dados do paciente n\u00e3o foram informados.<\/p>\n<p>Em nota, a prefeitura pediu que a comunidade intensifique as medidas protetivas, como uso de m\u00e1scaras e de \u00e1lcool em gel.<\/p>\n<\/div>","protected":false},"excerpt":{"rendered":"<p>O primeiro caso de coronav\u00edrus foi confirmado pela prefeitura de Planalto na tarde desta ter\u00e7a-feira, 28. Os dados do paciente n\u00e3o foram informados. Em nota, a prefeitura pediu que a comunidade intensifique as medidas protetivas, como uso de m\u00e1scaras e de \u00e1lcool em gel.<\/p>\n<div class=\"read-more-wrapper\"><a class=\"read-more\" href=\"https:\/\/www2.comunitaria.com.br\/en\/primeiro-caso-de-covid-19-e-confirmado-em-planalto\/\" title=\"Read More\"> <span class=\"button\">Read More<\/span><\/a><\/div>","protected":false},"author":2,"featured_media":39591,"comment_status":"open","ping_status":"closed","sticky":false,"template":"","format":"standard","meta":{"ngg_post_thumbnail":0,"footnotes":""},"categories":[28,33],"tags":[],"class_list":["post-40059","post","type-post","status-publish","format-standard","has-post-thumbnail","hentry","category-destaque","category-noticias"],"amp_enabled":true,"_links":{"self":[{"href":"https:\/\/www2.comunitaria.com.br\/en\/wp-json\/wp\/v2\/posts\/40059","targetHints":{"allow":["GET"]}}],"collection":[{"href":"https:\/\/www2.comunitaria.com.br\/en\/wp-json\/wp\/v2\/posts"}],"about":[{"href":"https:\/\/www2.comunitaria.com.br\/en\/wp-json\/wp\/v2\/types\/post"}],"author":[{"embeddable":true,"href":"https:\/\/www2.comunitaria.com.br\/en\/wp-json\/wp\/v2\/users\/2"}],"replies":[{"embeddable":true,"href":"https:\/\/www2.comunitaria.com.br\/en\/wp-json\/wp\/v2\/comments?post=40059"}],"version-history":[{"count":0,"href":"https:\/\/www2.comunitaria.com.br\/en\/wp-json\/wp\/v2\/posts\/40059\/revisions"}],"wp:featuredmedia":[{"embeddable":true,"href":"https:\/\/www2.comunitaria.com.br\/en\/wp-json\/wp\/v2\/media\/39591"}],"wp:attachment":[{"href":"https:\/\/www2.comunitaria.com.br\/en\/wp-json\/wp\/v2\/media?parent=40059"}],"wp:term":[{"taxonomy":"category","embeddable":true,"href":"https:\/\/www2.comunitaria.com.br\/en\/wp-json\/wp\/v2\/categories?post=40059"},{"taxonomy":"post_tag","embeddable":true,"href":"https:\/\/www2.comunitaria.com.br\/en\/wp-json\/wp\/v2\/tags?post=40059"}],"curies":[{"name":"wp","href":"https:\/\/api.w.org\/{rel}","templated":true}]}}