{"id":39891,"date":"2020-04-21T16:22:12","date_gmt":"2020-04-21T18:22:12","guid":{"rendered":"http:\/\/www2.comunitaria.com.br\/?p=39891"},"modified":"2020-04-21T16:22:12","modified_gmt":"2020-04-21T18:22:12","slug":"valorizacao-do-comercio-local-e-tema-de-campanha-promovida-pela-cdl-fw","status":"publish","type":"post","link":"https:\/\/www2.comunitaria.com.br\/en\/valorizacao-do-comercio-local-e-tema-de-campanha-promovida-pela-cdl-fw\/","title":{"rendered":"Valoriza\u00e7\u00e3o do com\u00e9rcio local \u00e9 tema de campanha promovida pela CDL-FW"},"content":{"rendered":"<p style=\"text-align: justify;\">A instabilidade econ\u00f4mica trazida pelo novo coronav\u00edrus tem sido motivo de grande preocupa\u00e7\u00e3o dos pequenos aos grandes empreendedores. Por esta raz\u00e3o, a C\u00e2mara de Dirigentes Lojistas de Frederico Westphalen (CDL-FW) est\u00e1 promovendo a campanha <em>Compre do Pequeno &#8211; Valorize o Com\u00e9rcio Local,&nbsp;<\/em>para que mais clientes optem por consumir dentro do munic\u00edpio e contribuam para diminuir os efeitos causados pela pandemia.<\/p>\n<p style=\"text-align: justify;\">Pequenas atitudes do consumidor podem colaborar para modificar a situa\u00e7\u00e3o atual, como pedir comida pelo sistema de tele-entrega, substituir as compras pela internet por empresas locais, ou at\u00e9 mesmo ajudar na divulga\u00e7\u00e3o dos produtos destes empreendedores. Essas pr\u00e1ticas tamb\u00e9m favorecem a manuten\u00e7\u00e3o de colaboradores, evitando demiss\u00f5es e nutrindo a possibilidade de maiores ofertas de empregos.<\/p>\n<p style=\"text-align: justify;\">A\u00e7\u00f5es como essas aliadas \u00e0s medidas de higiene em preven\u00e7\u00e3o ao Covid-19 s\u00e3o ferramentas para reverter gradativamente o cen\u00e1rio de crise. Todos podem fazer parte desse movimento utilizando a hashtag #CompreDoPequeno ou #ValorizeOCom\u00e9rcioLocal, divulgando essa ideia para que mais pessoas possam aderir.<\/p>\n<p><em>*Ascom\/CDL-FW<\/em><\/p>","protected":false},"excerpt":{"rendered":"<p>A instabilidade econ\u00f4mica trazida pelo novo coronav\u00edrus tem sido motivo de grande preocupa\u00e7\u00e3o dos pequenos aos grandes empreendedores. Por esta raz\u00e3o, a C\u00e2mara de Dirigentes Lojistas de Frederico Westphalen (CDL-FW) est\u00e1 promovendo a campanha Compre do Pequeno &#8211; Valorize o Com\u00e9rcio Local,&nbsp;para que mais clientes optem por consumir dentro do munic\u00edpio e contribuam para diminuir<\/p>\n<div class=\"read-more-wrapper\"><a class=\"read-more\" href=\"https:\/\/www2.comunitaria.com.br\/en\/valorizacao-do-comercio-local-e-tema-de-campanha-promovida-pela-cdl-fw\/\" title=\"Read More\"> <span class=\"button\">Read More<\/span><\/a><\/div>","protected":false},"author":2,"featured_media":39892,"comment_status":"open","ping_status":"closed","sticky":false,"template":"","format":"standard","meta":{"ngg_post_thumbnail":0,"footnotes":""},"categories":[42,33],"tags":[],"class_list":["post-39891","post","type-post","status-publish","format-standard","has-post-thumbnail","hentry","category-fred-west","category-noticias"],"amp_enabled":true,"_links":{"self":[{"href":"https:\/\/www2.comunitaria.com.br\/en\/wp-json\/wp\/v2\/posts\/39891","targetHints":{"allow":["GET"]}}],"collection":[{"href":"https:\/\/www2.comunitaria.com.br\/en\/wp-json\/wp\/v2\/posts"}],"about":[{"href":"https:\/\/www2.comunitaria.com.br\/en\/wp-json\/wp\/v2\/types\/post"}],"author":[{"embeddable":true,"href":"https:\/\/www2.comunitaria.com.br\/en\/wp-json\/wp\/v2\/users\/2"}],"replies":[{"embeddable":true,"href":"https:\/\/www2.comunitaria.com.br\/en\/wp-json\/wp\/v2\/comments?post=39891"}],"version-history":[{"count":0,"href":"https:\/\/www2.comunitaria.com.br\/en\/wp-json\/wp\/v2\/posts\/39891\/revisions"}],"wp:featuredmedia":[{"embeddable":true,"href":"https:\/\/www2.comunitaria.com.br\/en\/wp-json\/wp\/v2\/media\/39892"}],"wp:attachment":[{"href":"https:\/\/www2.comunitaria.com.br\/en\/wp-json\/wp\/v2\/media?parent=39891"}],"wp:term":[{"taxonomy":"category","embeddable":true,"href":"https:\/\/www2.comunitaria.com.br\/en\/wp-json\/wp\/v2\/categories?post=39891"},{"taxonomy":"post_tag","embeddable":true,"href":"https:\/\/www2.comunitaria.com.br\/en\/wp-json\/wp\/v2\/tags?post=39891"}],"curies":[{"name":"wp","href":"https:\/\/api.w.org\/{rel}","templated":true}]}}