{"id":39856,"date":"2020-04-18T12:35:48","date_gmt":"2020-04-18T14:35:48","guid":{"rendered":"http:\/\/www2.comunitaria.com.br\/?p=39856"},"modified":"2020-04-18T12:36:34","modified_gmt":"2020-04-18T14:36:34","slug":"sabao-produzido-pela-ufsm-fw-sera-entregue-junto-as-cestas-basicas","status":"publish","type":"post","link":"https:\/\/www2.comunitaria.com.br\/en\/sabao-produzido-pela-ufsm-fw-sera-entregue-junto-as-cestas-basicas\/","title":{"rendered":"Sab\u00e3o produzido pela UFSM-FW ser\u00e1 entregue junto \u00e0s cestas b\u00e1sicas"},"content":{"rendered":"<p style=\"text-align: justify;\">Na tarde desta sexta-feira, 17, integrantes do projeto de reaproveitamento de \u00f3leo de cozinha entregaram uma remessa de sab\u00e3o artesanal para a Prefeitura Municipal de Frederico Westphalen. O sab\u00e3o foi produzido pela comunidade acad\u00eamica da UFSM-FW para auxiliar no combate ao novo coronav\u00edrus, j\u00e1 que lavar as m\u00e3os com sab\u00e3o \u00e9 uma das principais orienta\u00e7\u00f5es da Organiza\u00e7\u00e3o Mundial da Sa\u00fade.<\/p>\n<p style=\"text-align: justify;\">A entrega dos produtos foi realizada no gabinete do prefeito Jos\u00e9 Alberto Panosso, com a presen\u00e7a do diretor do campus, Arci Dirceu Wastowski, pela orientadora do projeto professora Melina Mota e pelos estudantes David Moraes e Gabriel Sebastiano. Panosso refor\u00e7ou a import\u00e2ncia das atividades de envolvimento da universidade com a comunidade do munic\u00edpio e indicou que as unidades ser\u00e3o distribu\u00eddas entre a sede da prefeitura e postos de sa\u00fade. A Secret\u00e1ria de Assist\u00eancia Social e Habilita\u00e7\u00e3o, Carla Veronese, informou que o sab\u00e3o tamb\u00e9m ser\u00e1 distribu\u00eddo para a popula\u00e7\u00e3o, juntamente \u00e0s cestas b\u00e1sicas.<\/p>\n<p style=\"text-align: justify;\">Os participantes do projeto acreditam que a iniciativa seja uma alternativa sustent\u00e1vel para a reutiliza\u00e7\u00e3o de \u00f3leo usado, por ser um res\u00edduo de dif\u00edcil descarte. Al\u00e9m disso, o uso do sab\u00e3o \u00e9 fortemente indicado para a supera\u00e7\u00e3o da crise na sa\u00fade p\u00fablica, j\u00e1 que a limpeza de ambientes e a higieniza\u00e7\u00e3o pessoal s\u00e3o formas de preven\u00e7\u00e3o ao coronav\u00edrus.<\/p>\n<p style=\"text-align: justify;\"><strong>Sobre o projeto<\/strong><\/p>\n<p style=\"text-align: justify;\">Em fun\u00e7\u00e3o da pandemia do novo coronav\u00edrus, a professora Melina de Souza Mota retomou o projeto de educa\u00e7\u00e3o ambiental \u201cProdu\u00e7\u00e3o de sab\u00e3o artesanal com \u00f3leo de cozinha usado\u201d. O projeto \u00e9 relacionado a disciplina de Atitude Empreendedora I.<\/p>\n<p style=\"text-align: justify;\">A atividade iniciou no 1\u00ba semestre de 2019, com o objetivo de produzir sab\u00e3o para limpeza em geral a partir da reutiliza\u00e7\u00e3o de \u00f3leo cozinha, evitando o descarte incorreto no meio ambiente. Segundo Melina, \u201ca ideia foi retomada frente a identifica\u00e7\u00e3o da necessidade social deste produto para o enfrentamento da pandemia que assola o pa\u00eds\u201d.<\/p>\n<p style=\"text-align: justify;\">A primeira fase do projeto foi executada com o \u00f3leo usado doado pelos moradores da Casa do Estudante Universit\u00e1rio (CEU) e as unidades produzidas de sab\u00e3o foram destinados aos moradores da casa. J\u00e1 na 2\u00aa fase, o sab\u00e3o est\u00e1 sendo produzido com \u00f3leo usado doado por restaurantes do munic\u00edpio e foi destinado para a Prefeitura de Frederico Westphalen.<\/p>\n<p style=\"text-align: justify;\"><strong>Equipe<\/strong><br \/>\nOs integrantes do projeto s\u00e3o estudantes, t\u00e9cnicos e docentes da UFSM-FW. Confira a lista dos envolvidos:<\/p>\n<p style=\"text-align: justify;\">Membros da equipe de produ\u00e7\u00e3o<br \/>\n1\u00aa fase<br \/>\n&#8211; Alunos dos cursos de Agronomia e Engenharia Florestal: Mateus Kunrath e Eduardo da Silva Oliveira, ambos atualmente j\u00e1 formados; Ana Caroline de Alvarenga Nascimento, bi\u00f3loga, e Rafaela Rodrigues da Silva, idealizadora da atividade.<br \/>\n&#8211; Docente e orientadora: professora Melina de Souza Mota.<br \/>\n&#8211; Supervis\u00e3o e apoio: professor Arci Dirceu Wastowski, qu\u00edmico industrial e licenciado e diretor da UFSM-FW.<\/p>\n<p>2\u00aa fase<br \/>\n&#8211; Alunos dos cursos de Agronomia, Engenharia Ambiental e Sanit\u00e1ria, Engenharia Florestal e Rela\u00e7\u00f5es P\u00fablicas: Pedro C\u00e1faro Neto, David Douglas Gon\u00e7alves de Moraes, Lorena Gabrielle de Leles Silva Fernandes e Hellen Batista de Oliveira Leal.<br \/>\n&#8211; Coordenadora e orientadora: Melina de Souza Mota.<\/p>\n<p style=\"text-align: justify;\">&#8211; Supervis\u00e3o e apoio: TAE Gabriel Baraldi Volpi, qu\u00edmico industrial, e professor Arci Dirceu Wastowski, qu\u00edmico industrial e licenciado e diretor da UFSM-FW.<\/p>\n<p><em>*Por Ascom\/UFSM-FW<\/em><\/p>","protected":false},"excerpt":{"rendered":"<p>Na tarde desta sexta-feira, 17, integrantes do projeto de reaproveitamento de \u00f3leo de cozinha entregaram uma remessa de sab\u00e3o artesanal para a Prefeitura Municipal de Frederico Westphalen. O sab\u00e3o foi produzido pela comunidade acad\u00eamica da UFSM-FW para auxiliar no combate ao novo coronav\u00edrus, j\u00e1 que lavar as m\u00e3os com sab\u00e3o \u00e9 uma das principais orienta\u00e7\u00f5es<\/p>\n<div class=\"read-more-wrapper\"><a class=\"read-more\" href=\"https:\/\/www2.comunitaria.com.br\/en\/sabao-produzido-pela-ufsm-fw-sera-entregue-junto-as-cestas-basicas\/\" title=\"Read More\"> <span class=\"button\">Read More<\/span><\/a><\/div>","protected":false},"author":2,"featured_media":39857,"comment_status":"open","ping_status":"closed","sticky":false,"template":"","format":"standard","meta":{"ngg_post_thumbnail":0,"footnotes":""},"categories":[42,28,33],"tags":[],"class_list":["post-39856","post","type-post","status-publish","format-standard","has-post-thumbnail","hentry","category-fred-west","category-destaque","category-noticias"],"amp_enabled":true,"_links":{"self":[{"href":"https:\/\/www2.comunitaria.com.br\/en\/wp-json\/wp\/v2\/posts\/39856","targetHints":{"allow":["GET"]}}],"collection":[{"href":"https:\/\/www2.comunitaria.com.br\/en\/wp-json\/wp\/v2\/posts"}],"about":[{"href":"https:\/\/www2.comunitaria.com.br\/en\/wp-json\/wp\/v2\/types\/post"}],"author":[{"embeddable":true,"href":"https:\/\/www2.comunitaria.com.br\/en\/wp-json\/wp\/v2\/users\/2"}],"replies":[{"embeddable":true,"href":"https:\/\/www2.comunitaria.com.br\/en\/wp-json\/wp\/v2\/comments?post=39856"}],"version-history":[{"count":0,"href":"https:\/\/www2.comunitaria.com.br\/en\/wp-json\/wp\/v2\/posts\/39856\/revisions"}],"wp:featuredmedia":[{"embeddable":true,"href":"https:\/\/www2.comunitaria.com.br\/en\/wp-json\/wp\/v2\/media\/39857"}],"wp:attachment":[{"href":"https:\/\/www2.comunitaria.com.br\/en\/wp-json\/wp\/v2\/media?parent=39856"}],"wp:term":[{"taxonomy":"category","embeddable":true,"href":"https:\/\/www2.comunitaria.com.br\/en\/wp-json\/wp\/v2\/categories?post=39856"},{"taxonomy":"post_tag","embeddable":true,"href":"https:\/\/www2.comunitaria.com.br\/en\/wp-json\/wp\/v2\/tags?post=39856"}],"curies":[{"name":"wp","href":"https:\/\/api.w.org\/{rel}","templated":true}]}}