{"id":39742,"date":"2020-04-09T17:55:31","date_gmt":"2020-04-09T19:55:31","guid":{"rendered":"http:\/\/www2.comunitaria.com.br\/?p=39742"},"modified":"2020-04-09T17:56:17","modified_gmt":"2020-04-09T19:56:17","slug":"cotrifred-doa-r-40-mil-aos-hospitais-da-regiao","status":"publish","type":"post","link":"https:\/\/www2.comunitaria.com.br\/en\/cotrifred-doa-r-40-mil-aos-hospitais-da-regiao\/","title":{"rendered":"Cotrifred doa R$ 40 mil aos hospitais da regi\u00e3o"},"content":{"rendered":"<div class=\"texto text-justify\">\n<p style=\"text-align: justify;\">A Cooperativa Trit\u00edcola Frederico Westphalen \u2013 Cotrifred ir\u00e1 realizar a doa\u00e7\u00e3o de R$ 40 mil reais para hospitais e secretarias municipais da sa\u00fade nos oito munic\u00edpios de atua\u00e7\u00e3o da cooperativa.<\/p>\n<p style=\"text-align: justify;\">Os recursos financeiros t\u00eam como objetivo contribuir no combate \u00e0 propaga\u00e7\u00e3o do Coronav\u00edrus e tamb\u00e9m minimizar os impactos econ\u00f4micos e sociais.<\/p>\n<p style=\"text-align: justify;\">Confiram os hospitais que foram beneficiados:<\/p>\n<ul style=\"text-align: justify;\">\n<li>Hospital Divina Provid\u00eancia \u2013 Frederico Westphalen<\/li>\n<li>Secretaria Municipal de Sa\u00fade \u2013 Pinheirinho do Vale<\/li>\n<li>Secretaria Municipal de Sa\u00fade \u2013 Vista Alegre<\/li>\n<li>Hospital Santa Terezinha \u2013 Palmitinho<\/li>\n<li>Hospital S\u00e3o Roque &#8211; Cai\u00e7ara<\/li>\n<li>Hospital S\u00e3o Roque &#8211; Vicente Dutra<\/li>\n<li>Hospital S\u00e3o Roque &#8211; Taquaru\u00e7u do Sul<\/li>\n<li>Hospital Nossa Senhora Auxiliadora &#8211; Ira\u00ed<\/li>\n<\/ul>\n<p style=\"text-align: justify;\">Al\u00e9m desta doa\u00e7\u00e3o, a cooperativa ainda est\u00e1 realizando uma a\u00e7\u00e3o solid\u00e1ria interna e externa, que visa arrecadar alimentos n\u00e3o perec\u00edveis, produtos de limpeza e de higiene pessoal. O principal objetivo \u00e9 contribuir com as necessidades das entidades carentes dos munic\u00edpios de atua\u00e7\u00e3o da Cotrifred, visto que, muitas pessoas e organiza\u00e7\u00f5es est\u00e3o sofrendo fortes impactos financeiros. As arrecada\u00e7\u00f5es ser\u00e3o entregues no final do m\u00eas de abril e est\u00e3o sendo recolhidas no Supermercado Cotrifred, em Frederico Westphalen\/RS.<\/p>\n<p style=\"text-align: justify;\">De acordo com o Presidente da Cotrifred, Elio Pacheco, \u201ceste \u00e9 um momento de supera\u00e7\u00e3o e principalmente de solidariedade. Precisamos juntos conseguir diminuir os impactos da pandemia enfrentando com coopera\u00e7\u00e3o esta situa\u00e7\u00e3o delicada\u201d.<\/p>\n<p style=\"text-align: justify;\">&nbsp;<\/p>\n<\/div>\n<div class=\"fonte\"><em>*Assessoria de Comunica\u00e7\u00e3o Cotrifred<br \/>\n(Foto: divulga\u00e7\u00e3o)<\/em><\/div>","protected":false},"excerpt":{"rendered":"<p>A Cooperativa Trit\u00edcola Frederico Westphalen \u2013 Cotrifred ir\u00e1 realizar a doa\u00e7\u00e3o de R$ 40 mil reais para hospitais e secretarias municipais da sa\u00fade nos oito munic\u00edpios de atua\u00e7\u00e3o da cooperativa. Os recursos financeiros t\u00eam como objetivo contribuir no combate \u00e0 propaga\u00e7\u00e3o do Coronav\u00edrus e tamb\u00e9m minimizar os impactos econ\u00f4micos e sociais. Confiram os hospitais que<\/p>\n<div class=\"read-more-wrapper\"><a class=\"read-more\" href=\"https:\/\/www2.comunitaria.com.br\/en\/cotrifred-doa-r-40-mil-aos-hospitais-da-regiao\/\" title=\"Read More\"> <span class=\"button\">Read More<\/span><\/a><\/div>","protected":false},"author":2,"featured_media":39743,"comment_status":"open","ping_status":"closed","sticky":false,"template":"","format":"standard","meta":{"ngg_post_thumbnail":0,"footnotes":""},"categories":[42,33],"tags":[],"class_list":["post-39742","post","type-post","status-publish","format-standard","has-post-thumbnail","hentry","category-fred-west","category-noticias"],"amp_enabled":true,"_links":{"self":[{"href":"https:\/\/www2.comunitaria.com.br\/en\/wp-json\/wp\/v2\/posts\/39742","targetHints":{"allow":["GET"]}}],"collection":[{"href":"https:\/\/www2.comunitaria.com.br\/en\/wp-json\/wp\/v2\/posts"}],"about":[{"href":"https:\/\/www2.comunitaria.com.br\/en\/wp-json\/wp\/v2\/types\/post"}],"author":[{"embeddable":true,"href":"https:\/\/www2.comunitaria.com.br\/en\/wp-json\/wp\/v2\/users\/2"}],"replies":[{"embeddable":true,"href":"https:\/\/www2.comunitaria.com.br\/en\/wp-json\/wp\/v2\/comments?post=39742"}],"version-history":[{"count":0,"href":"https:\/\/www2.comunitaria.com.br\/en\/wp-json\/wp\/v2\/posts\/39742\/revisions"}],"wp:featuredmedia":[{"embeddable":true,"href":"https:\/\/www2.comunitaria.com.br\/en\/wp-json\/wp\/v2\/media\/39743"}],"wp:attachment":[{"href":"https:\/\/www2.comunitaria.com.br\/en\/wp-json\/wp\/v2\/media?parent=39742"}],"wp:term":[{"taxonomy":"category","embeddable":true,"href":"https:\/\/www2.comunitaria.com.br\/en\/wp-json\/wp\/v2\/categories?post=39742"},{"taxonomy":"post_tag","embeddable":true,"href":"https:\/\/www2.comunitaria.com.br\/en\/wp-json\/wp\/v2\/tags?post=39742"}],"curies":[{"name":"wp","href":"https:\/\/api.w.org\/{rel}","templated":true}]}}