{"id":39736,"date":"2020-04-09T17:13:51","date_gmt":"2020-04-09T19:13:51","guid":{"rendered":"http:\/\/www2.comunitaria.com.br\/?p=39736"},"modified":"2020-04-09T17:16:44","modified_gmt":"2020-04-09T19:16:44","slug":"agentes-de-seguranca-publica-doam-cestas-basicas-em-palmeira-das-missoes","status":"publish","type":"post","link":"https:\/\/www2.comunitaria.com.br\/en\/agentes-de-seguranca-publica-doam-cestas-basicas-em-palmeira-das-missoes\/","title":{"rendered":"Agentes de seguran\u00e7a p\u00fablica doam cestas b\u00e1sicas em Palmeira das Miss\u00f5es"},"content":{"rendered":"<p><span style=\"font-weight: 400;\">Em Palmeira das Miss\u00f5es, os agentes de seguran\u00e7a p\u00fablica se juntaram para realizar uma a\u00e7\u00e3o solid\u00e1ria na manh\u00e3 desta quinta-feira, 9. <\/span><\/p>\n<p><span style=\"font-weight: 400;\">A Pol\u00edcia Civil, Brigada Militar, Corpo de Bombeiros, Pol\u00edcia Rodovi\u00e1ria Estadual e a Superintend\u00eancia dos Servi\u00e7os Penitenci\u00e1rios (Susepe) doaram 57 cestas b\u00e1sicas e 21 fardos de caixas de leite para a Secretaria Municipal de Assist\u00eancia Social.<\/p>\n<p>(Foto: divulga\u00e7\u00e3o)<\/span><\/p>","protected":false},"excerpt":{"rendered":"<p>Em Palmeira das Miss\u00f5es, os agentes de seguran\u00e7a p\u00fablica se juntaram para realizar uma a\u00e7\u00e3o solid\u00e1ria na manh\u00e3 desta quinta-feira, 9. A Pol\u00edcia Civil, Brigada Militar, Corpo de Bombeiros, Pol\u00edcia Rodovi\u00e1ria Estadual e a Superintend\u00eancia dos Servi\u00e7os Penitenci\u00e1rios (Susepe) doaram 57 cestas b\u00e1sicas e 21 fardos de caixas de leite para a Secretaria Municipal de<\/p>\n<div class=\"read-more-wrapper\"><a class=\"read-more\" href=\"https:\/\/www2.comunitaria.com.br\/en\/agentes-de-seguranca-publica-doam-cestas-basicas-em-palmeira-das-missoes\/\" title=\"Read More\"> <span class=\"button\">Read More<\/span><\/a><\/div>","protected":false},"author":2,"featured_media":39738,"comment_status":"open","ping_status":"closed","sticky":false,"template":"","format":"standard","meta":{"ngg_post_thumbnail":0,"footnotes":""},"categories":[33,43],"tags":[],"class_list":["post-39736","post","type-post","status-publish","format-standard","has-post-thumbnail","hentry","category-noticias","category-regiao"],"amp_enabled":true,"_links":{"self":[{"href":"https:\/\/www2.comunitaria.com.br\/en\/wp-json\/wp\/v2\/posts\/39736","targetHints":{"allow":["GET"]}}],"collection":[{"href":"https:\/\/www2.comunitaria.com.br\/en\/wp-json\/wp\/v2\/posts"}],"about":[{"href":"https:\/\/www2.comunitaria.com.br\/en\/wp-json\/wp\/v2\/types\/post"}],"author":[{"embeddable":true,"href":"https:\/\/www2.comunitaria.com.br\/en\/wp-json\/wp\/v2\/users\/2"}],"replies":[{"embeddable":true,"href":"https:\/\/www2.comunitaria.com.br\/en\/wp-json\/wp\/v2\/comments?post=39736"}],"version-history":[{"count":0,"href":"https:\/\/www2.comunitaria.com.br\/en\/wp-json\/wp\/v2\/posts\/39736\/revisions"}],"wp:featuredmedia":[{"embeddable":true,"href":"https:\/\/www2.comunitaria.com.br\/en\/wp-json\/wp\/v2\/media\/39738"}],"wp:attachment":[{"href":"https:\/\/www2.comunitaria.com.br\/en\/wp-json\/wp\/v2\/media?parent=39736"}],"wp:term":[{"taxonomy":"category","embeddable":true,"href":"https:\/\/www2.comunitaria.com.br\/en\/wp-json\/wp\/v2\/categories?post=39736"},{"taxonomy":"post_tag","embeddable":true,"href":"https:\/\/www2.comunitaria.com.br\/en\/wp-json\/wp\/v2\/tags?post=39736"}],"curies":[{"name":"wp","href":"https:\/\/api.w.org\/{rel}","templated":true}]}}