{"id":39726,"date":"2020-04-09T16:08:56","date_gmt":"2020-04-09T18:08:56","guid":{"rendered":"http:\/\/www2.comunitaria.com.br\/?p=39726"},"modified":"2020-04-09T16:08:56","modified_gmt":"2020-04-09T18:08:56","slug":"ministerio-da-agricultura-anuncia-medidas-para-os-municipios-gauchos-atingidos-pela-estiagem","status":"publish","type":"post","link":"https:\/\/www2.comunitaria.com.br\/en\/ministerio-da-agricultura-anuncia-medidas-para-os-municipios-gauchos-atingidos-pela-estiagem\/","title":{"rendered":"Minist\u00e9rio da Agricultura anuncia medidas para os munic\u00edpios ga\u00fachos atingidos pela estiagem"},"content":{"rendered":"<p>O Minist\u00e9rio da Agricultura atendeu na noite de quarta-feira, 8,&nbsp; diversas pautas solicitadas pela Famurs e anunciou medidas de socorro aos agricultores ga\u00fachos que tiveram perdas com a estiagem. Das pautas reivindicadas pela Famurs, as principais demandas atendidas pelo Minist\u00e9rio da Agricultura foram a renegocia\u00e7\u00e3o das d\u00edvidas de custeio, podendo ser parcelados em at\u00e9 sete anos; a prorroga\u00e7\u00e3o das d\u00edvidas de investimentos para depois da \u00faltima parcela do contrato; e a abertura de linhas de cr\u00e9ditos para cooperativas de at\u00e9 R$ 65 milh\u00f5es por tomador, com prazo de at\u00e9 quatro anos para pagamento.<\/p>\n<p>As medidas atendem a uma s\u00e9rie de reivindica\u00e7\u00f5es da Famurs e do grupo de trabalho liderado pela entidade que conta com a participa\u00e7\u00e3o da Secretaria de Agricultura, Defesa Civil e Emater. Lembrando que no dia 09.01, a Famurs liderou e reuniu em sua sede, cerca de 200 gestores de 96 munic\u00edpios, e contou com a presen\u00e7a de prefeitos e prefeitas, vices, secret\u00e1rios e servidores municipais, e \u00f3rg\u00e3os do governo do estado como Secretaria de Agricultura, Defesa Civil e Emater, para debater alternativas aos munic\u00edpios atingidos pela seca. Na oportunidade, diversas medidas foram debatidas para diminuir os danos, e buscar a garantia de prazos e refinanciamentos da safra. Al\u00e9m disso, na oportunidade tamb\u00e9m foi feito o pedido de agilidade para decreta\u00e7\u00e3o de estado de emerg\u00eancia, e maior rapidez na concess\u00e3o de benef\u00edcios por parte dos governos estadual e federal, al\u00e9m de planejamento a longo prazo para enfrentar a estiagem.<\/p>\n<p>Mais de 260 munic\u00edpios ga\u00fachos j\u00e1 decretaram situa\u00e7\u00e3o de emerg\u00eancia at\u00e9 a data de hoje. Como as perdas nas lavouras j\u00e1 chegam a 45% em algumas culturas, como a da soja e 30% no milho estas medidas anunciadas ir\u00e3o auxiliar os produtores dos munic\u00edpios que sofrem neste momento com a estiagem.<\/p>\n<p>Pontuamos as informa\u00e7\u00f5es publicadas na Resolu\u00e7\u00f5es n* 4.801 e 4.802 de 9 de abril de 2020 do Banco Central do Brasil:<\/p>\n<p>Renegocia\u00e7\u00e3o das d\u00edvidas de custeio, podendo ser parcelados em at\u00e9 sete anos.<\/p>\n<p>Prorroga\u00e7\u00e3o das d\u00edvidas de investimentos para depois da \u00faltima parcela do contrato.<\/p>\n<p>Abertura de linhas de cr\u00e9ditos para cooperativas de at\u00e9 R$ 65 milh\u00f5es por tomador, com prazo de at\u00e9 quatro anos para pagamento<\/p>\n<p><strong>Para produtores afetados pelo coronav\u00edrus:<\/strong><\/p>\n<p>Prorroga\u00e7\u00e3o de d\u00edvidas de custeio e investimento de todos os produtores at\u00e9 o dia 15 de agosto de 2020.<\/p>\n<p>Abertura de linha de cr\u00e9dito emergencial de R$ 20 mil para produtores do Pronaf e R$ 40 mil para produtores Pronamp que trabalham com culturas de hortifr\u00fatis, flores, leite, pesca e aquicultura, com prazo de pagamento em at\u00e9 tr\u00eas anos e aplica\u00e7\u00e3o de juros j\u00e1 praticados pelos dois programas;<\/p>\n<p>Recursos para comercializa\u00e7\u00e3o para cooperativas, cerealistas e agroind\u00fastrias de at\u00e9 R$ 65 milh\u00f5es por tomador por meio do Financiamento para Garantia de Pre\u00e7os ao Produtor (FGPP).<\/p>\n<p>&nbsp;<\/p>\n<p>&nbsp;<\/p>\n<p>*Texto e foto: Ascom\/Famurs<\/p>","protected":false},"excerpt":{"rendered":"<p>O Minist\u00e9rio da Agricultura atendeu na noite de quarta-feira, 8,&nbsp; diversas pautas solicitadas pela Famurs e anunciou medidas de socorro aos agricultores ga\u00fachos que tiveram perdas com a estiagem. Das pautas reivindicadas pela Famurs, as principais demandas atendidas pelo Minist\u00e9rio da Agricultura foram a renegocia\u00e7\u00e3o das d\u00edvidas de custeio, podendo ser parcelados em at\u00e9 sete<\/p>\n<div class=\"read-more-wrapper\"><a class=\"read-more\" href=\"https:\/\/www2.comunitaria.com.br\/en\/ministerio-da-agricultura-anuncia-medidas-para-os-municipios-gauchos-atingidos-pela-estiagem\/\" title=\"Read More\"> <span class=\"button\">Read More<\/span><\/a><\/div>","protected":false},"author":2,"featured_media":39727,"comment_status":"open","ping_status":"closed","sticky":false,"template":"","format":"standard","meta":{"ngg_post_thumbnail":0,"footnotes":""},"categories":[33,45],"tags":[],"class_list":["post-39726","post","type-post","status-publish","format-standard","has-post-thumbnail","hentry","category-noticias","category-rural"],"amp_enabled":true,"_links":{"self":[{"href":"https:\/\/www2.comunitaria.com.br\/en\/wp-json\/wp\/v2\/posts\/39726","targetHints":{"allow":["GET"]}}],"collection":[{"href":"https:\/\/www2.comunitaria.com.br\/en\/wp-json\/wp\/v2\/posts"}],"about":[{"href":"https:\/\/www2.comunitaria.com.br\/en\/wp-json\/wp\/v2\/types\/post"}],"author":[{"embeddable":true,"href":"https:\/\/www2.comunitaria.com.br\/en\/wp-json\/wp\/v2\/users\/2"}],"replies":[{"embeddable":true,"href":"https:\/\/www2.comunitaria.com.br\/en\/wp-json\/wp\/v2\/comments?post=39726"}],"version-history":[{"count":0,"href":"https:\/\/www2.comunitaria.com.br\/en\/wp-json\/wp\/v2\/posts\/39726\/revisions"}],"wp:featuredmedia":[{"embeddable":true,"href":"https:\/\/www2.comunitaria.com.br\/en\/wp-json\/wp\/v2\/media\/39727"}],"wp:attachment":[{"href":"https:\/\/www2.comunitaria.com.br\/en\/wp-json\/wp\/v2\/media?parent=39726"}],"wp:term":[{"taxonomy":"category","embeddable":true,"href":"https:\/\/www2.comunitaria.com.br\/en\/wp-json\/wp\/v2\/categories?post=39726"},{"taxonomy":"post_tag","embeddable":true,"href":"https:\/\/www2.comunitaria.com.br\/en\/wp-json\/wp\/v2\/tags?post=39726"}],"curies":[{"name":"wp","href":"https:\/\/api.w.org\/{rel}","templated":true}]}}