{"id":39653,"date":"2020-04-06T15:16:13","date_gmt":"2020-04-06T17:16:13","guid":{"rendered":"http:\/\/www2.comunitaria.com.br\/?p=39653"},"modified":"2020-04-06T15:21:58","modified_gmt":"2020-04-06T17:21:58","slug":"porto-alegre-registra-quinta-morte-por-coronavirus","status":"publish","type":"post","link":"https:\/\/www2.comunitaria.com.br\/en\/porto-alegre-registra-quinta-morte-por-coronavirus\/","title":{"rendered":"Porto Alegre registra quinta morte por coronav\u00edrus"},"content":{"rendered":"<div class=\"article-paragraph\">\n<p>A quinta morte por coronav\u00edrus em Porto Alegre \u00e9 a de uma mulher, de 90 anos, com hist\u00f3rico de outras doen\u00e7as. Ela estava internada na unidade de terapia intensiva (UTI) do Hospital M\u00e3e de Deus desde 28 de mar\u00e7o, quando houve a notifica\u00e7\u00e3o do caso \u00e0 prefeitura. A confirma\u00e7\u00e3o ocorreu no in\u00edcio da tarde desta segunda-feira, 6, pela Secretaria da Sa\u00fade de Porto Alegre.<\/p>\n<\/div>\n<div class=\"article-paragraph\">\n<p>Com isso, o n\u00famero de \u00f3bitos devido \u00e0 covid-19 no Rio Grande do Sul chega a oito. Al\u00e9m dos cinco da Capital, duas pessoas morreram em Novo Hamburgo e uma em Ivoti.<\/p>\n<\/div>\n<div class=\"article-paragraph\">\n<h3>Casos<\/h3>\n<\/div>\n<div class=\"article-paragraph\">\n<p>De acordo com o \u00faltimo balan\u00e7o da&nbsp;Secretaria Estadual da Sa\u00fade, divulgado neste domingo, 5, h\u00e1, ainda, 468 casos confirmados por testes&nbsp;no Rio Grande do Sul. Porto Alegre concentra 54% de todos os pacientes, contabilizando 254 infectados. No interior, a cidade com a maior incid\u00eancia segue sendo Bag\u00e9, na Campanha, com 24 novas notifica\u00e7\u00f5es da doen\u00e7a. H\u00e1 registros da covid-19 em 63 munic\u00edpios ga\u00fachos.<\/p>\n<\/div>\n<div class=\"article-paragraph\">\n<p>No Brasil, s\u00e3o pelo menos 11.130 casos e 486 mortes.&nbsp;S\u00e3o Paulo \u00e9 o Estado brasileiro com o maior n\u00famero de casos, com 4.620, seguido por Rio de Janeiro (1.394), Cear\u00e1 (823), Minas Gerais (498) e Distrito Federal (468). &nbsp;O Brasil \u00e9 o 16\u00ba em n\u00famero de casos confirmados no mundo e o 14\u00ba em n\u00famero de \u00f3bitos.<\/p>\n<p><em>*Mateus Ferraz\/GauchaZH<br \/>\n(Foto: reprodu\u00e7\u00e3o)<\/em><\/p>\n<\/div>","protected":false},"excerpt":{"rendered":"<p>A quinta morte por coronav\u00edrus em Porto Alegre \u00e9 a de uma mulher, de 90 anos, com hist\u00f3rico de outras doen\u00e7as. Ela estava internada na unidade de terapia intensiva (UTI)&#8230;<\/p>","protected":false},"author":2,"featured_media":39655,"comment_status":"open","ping_status":"closed","sticky":false,"template":"","format":"standard","meta":{"ngg_post_thumbnail":0,"footnotes":""},"categories":[46,33,37],"tags":[4567,1359],"class_list":["post-39653","post","type-post","status-publish","format-standard","has-post-thumbnail","hentry","category-estado","category-noticias","category-saude","tag-coronavirus","tag-porto-alegre"],"amp_enabled":true,"_links":{"self":[{"href":"https:\/\/www2.comunitaria.com.br\/en\/wp-json\/wp\/v2\/posts\/39653","targetHints":{"allow":["GET"]}}],"collection":[{"href":"https:\/\/www2.comunitaria.com.br\/en\/wp-json\/wp\/v2\/posts"}],"about":[{"href":"https:\/\/www2.comunitaria.com.br\/en\/wp-json\/wp\/v2\/types\/post"}],"author":[{"embeddable":true,"href":"https:\/\/www2.comunitaria.com.br\/en\/wp-json\/wp\/v2\/users\/2"}],"replies":[{"embeddable":true,"href":"https:\/\/www2.comunitaria.com.br\/en\/wp-json\/wp\/v2\/comments?post=39653"}],"version-history":[{"count":0,"href":"https:\/\/www2.comunitaria.com.br\/en\/wp-json\/wp\/v2\/posts\/39653\/revisions"}],"wp:featuredmedia":[{"embeddable":true,"href":"https:\/\/www2.comunitaria.com.br\/en\/wp-json\/wp\/v2\/media\/39655"}],"wp:attachment":[{"href":"https:\/\/www2.comunitaria.com.br\/en\/wp-json\/wp\/v2\/media?parent=39653"}],"wp:term":[{"taxonomy":"category","embeddable":true,"href":"https:\/\/www2.comunitaria.com.br\/en\/wp-json\/wp\/v2\/categories?post=39653"},{"taxonomy":"post_tag","embeddable":true,"href":"https:\/\/www2.comunitaria.com.br\/en\/wp-json\/wp\/v2\/tags?post=39653"}],"curies":[{"name":"wp","href":"https:\/\/api.w.org\/{rel}","templated":true}]}}