{"id":39648,"date":"2020-04-06T15:00:32","date_gmt":"2020-04-06T17:00:32","guid":{"rendered":"http:\/\/www2.comunitaria.com.br\/?p=39648"},"modified":"2020-04-06T15:01:34","modified_gmt":"2020-04-06T17:01:34","slug":"gremio-e-inter-se-unem-em-campanha-por-80-leitos-para-tratar-covid-19-na-santa-casa","status":"publish","type":"post","link":"https:\/\/www2.comunitaria.com.br\/en\/gremio-e-inter-se-unem-em-campanha-por-80-leitos-para-tratar-covid-19-na-santa-casa\/","title":{"rendered":"Gr\u00eamio e Inter se unem em campanha por 80 leitos para tratar covid-19 na Santa Casa"},"content":{"rendered":"<div class=\"article-paragraph\">\n<p>Inter&nbsp;e&nbsp;Gr\u00eamio&nbsp;se uniram para ajudar o hospital Santa Casa a arrecadar recursos para montar 80 leitos de UTI para o tratamento da covid-19, a doen\u00e7a causada pelo&nbsp;coronav\u00edrus. O objetivo da campanha \u2013 denominada &#8220;O&nbsp;Gre-Nal mais importante da hist\u00f3ria&#8221; \u2013 \u00e9 estimular doa\u00e7\u00f5es entre torcedores e a popula\u00e7\u00e3o ga\u00facha para a capta\u00e7\u00e3o de R$ 32,4 milh\u00f5es.<\/p>\n<\/div>\n<div class=\"article-paragraph\">\n<p>A a\u00e7\u00e3o ser\u00e1, essencialmente, digital. A divulga\u00e7\u00e3o ocorrer\u00e1 nas redes sociais da Santa Casa e dos clubes. Em comunicado \u00e0 imprensa, o hospital informou que a campanha &#8220;visa dar uma resposta assistencial imediata quando a Santa Casa for demandada&#8221;.<\/p>\n<\/div>\n<div class=\"article-paragraph\">\n<p>\u2013 A experi\u00eancia de outros pa\u00edses demonstra que \u00e9 preciso agirmos com agilidade. Temos a consci\u00eancia de que a crise poder\u00e1 se agravar e, neste sentido, \u00e9 fundamental que estejamos prontos \u2013 afirmou Julio Matos, diretor geral da Santa Casa.<\/p>\n<\/div>\n<div class=\"article-paragraph\">\n<p>As doa\u00e7\u00f5es para a campanha poder\u00e3o ser feitas por meio de dep\u00f3sito banc\u00e1rio.<\/p>\n<\/div>\n<div class=\"article-paragraph\">\n<p>Banco Banrisul<br \/>\n<strong>Irmandade Santa Casa de Miseric\u00f3rdia de Porto Alegre<br \/>\n<\/strong>CNPJ 92.815.000\/0001-68.<br \/>\nAg\u00eancia: 0062<br \/>\nConta: 06040000-98<\/p>\n<\/div>\n<p><em>*GauchaZH<\/em><br \/>\n<em>(Foto: Jeffeson Botega \/ Ag\u00eancia RBS)<\/em><\/p>","protected":false},"excerpt":{"rendered":"<p>Inter&nbsp;e&nbsp;Gr\u00eamio&nbsp;se uniram para ajudar o hospital Santa Casa a arrecadar recursos para montar 80 leitos de UTI para o tratamento da covid-19, a doen\u00e7a causada pelo&nbsp;coronav\u00edrus. O objetivo da campanha&#8230;<\/p>","protected":false},"author":2,"featured_media":39650,"comment_status":"open","ping_status":"closed","sticky":false,"template":"","format":"standard","meta":{"ngg_post_thumbnail":0,"footnotes":""},"categories":[34,46,33],"tags":[],"class_list":["post-39648","post","type-post","status-publish","format-standard","has-post-thumbnail","hentry","category-esportes","category-estado","category-noticias"],"amp_enabled":true,"_links":{"self":[{"href":"https:\/\/www2.comunitaria.com.br\/en\/wp-json\/wp\/v2\/posts\/39648","targetHints":{"allow":["GET"]}}],"collection":[{"href":"https:\/\/www2.comunitaria.com.br\/en\/wp-json\/wp\/v2\/posts"}],"about":[{"href":"https:\/\/www2.comunitaria.com.br\/en\/wp-json\/wp\/v2\/types\/post"}],"author":[{"embeddable":true,"href":"https:\/\/www2.comunitaria.com.br\/en\/wp-json\/wp\/v2\/users\/2"}],"replies":[{"embeddable":true,"href":"https:\/\/www2.comunitaria.com.br\/en\/wp-json\/wp\/v2\/comments?post=39648"}],"version-history":[{"count":0,"href":"https:\/\/www2.comunitaria.com.br\/en\/wp-json\/wp\/v2\/posts\/39648\/revisions"}],"wp:featuredmedia":[{"embeddable":true,"href":"https:\/\/www2.comunitaria.com.br\/en\/wp-json\/wp\/v2\/media\/39650"}],"wp:attachment":[{"href":"https:\/\/www2.comunitaria.com.br\/en\/wp-json\/wp\/v2\/media?parent=39648"}],"wp:term":[{"taxonomy":"category","embeddable":true,"href":"https:\/\/www2.comunitaria.com.br\/en\/wp-json\/wp\/v2\/categories?post=39648"},{"taxonomy":"post_tag","embeddable":true,"href":"https:\/\/www2.comunitaria.com.br\/en\/wp-json\/wp\/v2\/tags?post=39648"}],"curies":[{"name":"wp","href":"https:\/\/api.w.org\/{rel}","templated":true}]}}