{"id":3963,"date":"2015-06-11T07:30:50","date_gmt":"2015-06-11T09:30:50","guid":{"rendered":"http:\/\/www2.comunitaria.com.br\/?p=3963"},"modified":"2015-06-11T10:26:46","modified_gmt":"2015-06-11T12:26:46","slug":"camara-aprova-mandatos-de-cinco-anos-rejeita-voto-facultativo-e-coincidencia-de-eleicoes","status":"publish","type":"post","link":"https:\/\/www2.comunitaria.com.br\/en\/camara-aprova-mandatos-de-cinco-anos-rejeita-voto-facultativo-e-coincidencia-de-eleicoes\/","title":{"rendered":"C\u00e2mara aprova mandatos de cinco anos, rejeita voto facultativo e coincid\u00eancia de elei\u00e7\u00f5es"},"content":{"rendered":"<p>A C\u00e2mara do Deputados aprovou, durante vota\u00e7\u00e3o da Reforma Pol\u00edtica nesta quarta-feira, o mandato de cinco anos a todos os cargos eletivos. Foam 348 votos favor\u00e1veis \u00e0 emenda e 110 contr\u00e1rios.<\/p>\n<audio class=\"wp-audio-shortcode\" id=\"audio-3963-1\" preload=\"none\" style=\"width: 100%;\" controls=\"controls\"><source type=\"audio\/mpeg\" src=\"http:\/\/www2.comunitaria.com.br\/wp-content\/uploads\/2015\/06\/cinco-anos.mp3?_=1\" \/><a href=\"http:\/\/www2.comunitaria.com.br\/wp-content\/uploads\/2015\/06\/cinco-anos.mp3\">http:\/\/www2.comunitaria.com.br\/wp-content\/uploads\/2015\/06\/cinco-anos.mp3<\/a><\/audio>\n<p>A mudan\u00e7a cria uma norma de transi\u00e7\u00e3o pela qual, nas elei\u00e7\u00f5es de 2018, os mandatos de deputados estaduais, federais e distritais, e de governadores e presidente da Rep\u00fablica ser\u00e3o de quatro anos, com o mandato de cinco passando a valer somente para os eleitos em 2022.<\/p>\n<p>J\u00e1 os senadores que ser\u00e3o eleitos em 2018 ter\u00e3o nove anos de mandato para que, em 2027, as elei\u00e7\u00f5es coincidam em um mesmo ano.<\/p>\n<p>Mais cedo, tamb\u00e9m analisando temas da Reforma Pol\u00edtica, o plen\u00e1rio da C\u00e2mara rejeitou a proposta de voto facultativo, por 211 votos a 134. Desta forma, todos os cidad\u00e3os entre 18 e 69 anos s\u00e3o obrigados a votar.<\/p>\n<p>C\u00e2mara rejeita coincid\u00eancia de elei\u00e7\u00f5es para todos o cargos<\/p>\n<p>A C\u00e2mara rejeitou, por 225 votos a 220, um dispositivo da reforma pol\u00edtica que tratava da coincid\u00eancia das elei\u00e7\u00f5es para todos os cargos eletivos. Como a emenda sobre os cinco anos n\u00e3o determinou uma transi\u00e7\u00e3o para os mandatos de vereadores e prefeitos em rela\u00e7\u00e3o \u00e0s elei\u00e7\u00f5es de 2016, a C\u00e2mara votar\u00e1 outro item para definir em quatro anos o mandato nas elei\u00e7\u00f5es de 2016.<\/p>\n<p>Com a rejei\u00e7\u00e3o da coincid\u00eancia de mandatos fica valendo a regra atual, que estabelece a elei\u00e7\u00e3o de presidente da Rep\u00fablica, governador, senador, deputado federal e deputado estadual ocorra no mesmo ano. Prefeito e vereador, a elei\u00e7\u00e3o ser\u00e1 realizada dois anos depois.<\/p>","protected":false},"excerpt":{"rendered":"<p>A C\u00e2mara do Deputados aprovou, durante vota\u00e7\u00e3o da Reforma Pol\u00edtica nesta quarta-feira, o mandato de cinco anos a todos os cargos eletivos. Foam 348 votos favor\u00e1veis \u00e0 emenda e 110&#8230;<\/p>","protected":false},"author":2,"featured_media":3964,"comment_status":"open","ping_status":"closed","sticky":false,"template":"","format":"standard","meta":{"ngg_post_thumbnail":0,"footnotes":""},"categories":[47,28,33,38],"tags":[948],"class_list":["post-3963","post","type-post","status-publish","format-standard","has-post-thumbnail","hentry","category-brasil","category-destaque","category-noticias","category-politica","tag-reforma-politica"],"amp_enabled":true,"_links":{"self":[{"href":"https:\/\/www2.comunitaria.com.br\/en\/wp-json\/wp\/v2\/posts\/3963","targetHints":{"allow":["GET"]}}],"collection":[{"href":"https:\/\/www2.comunitaria.com.br\/en\/wp-json\/wp\/v2\/posts"}],"about":[{"href":"https:\/\/www2.comunitaria.com.br\/en\/wp-json\/wp\/v2\/types\/post"}],"author":[{"embeddable":true,"href":"https:\/\/www2.comunitaria.com.br\/en\/wp-json\/wp\/v2\/users\/2"}],"replies":[{"embeddable":true,"href":"https:\/\/www2.comunitaria.com.br\/en\/wp-json\/wp\/v2\/comments?post=3963"}],"version-history":[{"count":0,"href":"https:\/\/www2.comunitaria.com.br\/en\/wp-json\/wp\/v2\/posts\/3963\/revisions"}],"wp:featuredmedia":[{"embeddable":true,"href":"https:\/\/www2.comunitaria.com.br\/en\/wp-json\/wp\/v2\/media\/3964"}],"wp:attachment":[{"href":"https:\/\/www2.comunitaria.com.br\/en\/wp-json\/wp\/v2\/media?parent=3963"}],"wp:term":[{"taxonomy":"category","embeddable":true,"href":"https:\/\/www2.comunitaria.com.br\/en\/wp-json\/wp\/v2\/categories?post=3963"},{"taxonomy":"post_tag","embeddable":true,"href":"https:\/\/www2.comunitaria.com.br\/en\/wp-json\/wp\/v2\/tags?post=3963"}],"curies":[{"name":"wp","href":"https:\/\/api.w.org\/{rel}","templated":true}]}}