{"id":39617,"date":"2020-04-02T19:24:46","date_gmt":"2020-04-02T21:24:46","guid":{"rendered":"http:\/\/www2.comunitaria.com.br\/?p=39617"},"modified":"2020-04-09T11:48:47","modified_gmt":"2020-04-09T13:48:47","slug":"atendimento-em-bares-e-restaurantes-sera-retomado","status":"publish","type":"post","link":"https:\/\/www2.comunitaria.com.br\/en\/atendimento-em-bares-e-restaurantes-sera-retomado\/","title":{"rendered":"Atendimento em bares e restaurantes ser\u00e1 retomado"},"content":{"rendered":"<p>O prefeito de Frederico Westphalen, Jos\u00e9 Alberto Panosso, assinou nesta quinta-feira, 2, um novo decreto permitindo a reabertura de bares, restaurantes e lancherias. Medidas de higiene dever\u00e3o ser tomadas, como o uso de protetor salivar em sistemas de buffet. Caso o estabelecimento n\u00e3o possua, \u00e9 necess\u00e1rio realizar o atendimento a la carte ou servir um prato feito. O n\u00famero de clientes e funcion\u00e1rios n\u00e3o poder\u00e1 ultrapassar 50% da capacidade m\u00e1xima.<\/p>\n<p>O hor\u00e1rio de expediente pode ser realizado at\u00e9 as 23 horas.&nbsp; Os estabelecimentos que t\u00eam permiss\u00e3o para funcionar, de acordo com o<a href=\"https:\/\/www.cespro.com.br\/visualizarDiploma.php?cdMunicipio=7527&amp;cdDiploma=202000047&amp;NroLei=047&amp;Word=&amp;Word2=\"> Decreto n\u00ba 47<\/a>,&nbsp; s\u00e3o obrigados a apresentar Plano de Conting\u00eancia \u00e0 Secretaria Municipal de Ind\u00fastria e Com\u00e9rcio, at\u00e9 a segunda-feira, 6, \u00e0s 16 horas.&nbsp;<\/p>\n<p>A realiza\u00e7\u00e3o do curso de Boas Pr\u00e1ticas de preven\u00e7\u00e3o ao Coronavirus (COVID-19), fornecido pelo Munic\u00edpio de Frederico Westphalen, tamb\u00e9m \u00e9 obrigat\u00f3ria.<\/p>\n<h3><strong>Estabelecimentos comerciais<\/strong><\/h3>\n<p>Ainda de acordo com o novo decreto, fica proibido o atendimento de estabelecimentos comerciais at\u00e9 o dia 15 de abril, em conformidade ao decreto Estadual.&nbsp; Todas as atividades que impliquem em atendimento ao p\u00fablico,&nbsp; como lojas, cinema e academia, est\u00e3o suspensas.<\/p>\n<p>Caso as determina\u00e7\u00f5es do decreto n\u00e3o sejam cumpridas, est\u00e1 prevista a aplica\u00e7\u00e3o de multa, interdi\u00e7\u00e3o total ou parcial da atividade e a cassa\u00e7\u00e3o de alvar\u00e1 de localiza\u00e7\u00e3o e funcionamento.<\/p>\n<p>&nbsp;<\/p>\n<p><em>Texto: D\u00e9bora Franke<br \/>\n(Foto: rerodu\u00e7\u00e3o)<\/em><\/p>","protected":false},"excerpt":{"rendered":"<p>O prefeito de Frederico Westphalen, Jos\u00e9 Alberto Panosso, assinou nesta quinta-feira, 2, um novo decreto permitindo a reabertura de bares, restaurantes e lancherias. Medidas de higiene dever\u00e3o ser tomadas, como o uso de protetor salivar em sistemas de buffet. Caso o estabelecimento n\u00e3o possua, \u00e9 necess\u00e1rio realizar o atendimento a la carte ou servir um<\/p>\n<div class=\"read-more-wrapper\"><a class=\"read-more\" href=\"https:\/\/www2.comunitaria.com.br\/en\/atendimento-em-bares-e-restaurantes-sera-retomado\/\" title=\"Read More\"> <span class=\"button\">Read More<\/span><\/a><\/div>","protected":false},"author":2,"featured_media":39619,"comment_status":"open","ping_status":"closed","sticky":false,"template":"","format":"standard","meta":{"ngg_post_thumbnail":0,"footnotes":""},"categories":[28,33],"tags":[],"class_list":["post-39617","post","type-post","status-publish","format-standard","has-post-thumbnail","hentry","category-destaque","category-noticias"],"amp_enabled":true,"_links":{"self":[{"href":"https:\/\/www2.comunitaria.com.br\/en\/wp-json\/wp\/v2\/posts\/39617","targetHints":{"allow":["GET"]}}],"collection":[{"href":"https:\/\/www2.comunitaria.com.br\/en\/wp-json\/wp\/v2\/posts"}],"about":[{"href":"https:\/\/www2.comunitaria.com.br\/en\/wp-json\/wp\/v2\/types\/post"}],"author":[{"embeddable":true,"href":"https:\/\/www2.comunitaria.com.br\/en\/wp-json\/wp\/v2\/users\/2"}],"replies":[{"embeddable":true,"href":"https:\/\/www2.comunitaria.com.br\/en\/wp-json\/wp\/v2\/comments?post=39617"}],"version-history":[{"count":0,"href":"https:\/\/www2.comunitaria.com.br\/en\/wp-json\/wp\/v2\/posts\/39617\/revisions"}],"wp:featuredmedia":[{"embeddable":true,"href":"https:\/\/www2.comunitaria.com.br\/en\/wp-json\/wp\/v2\/media\/39619"}],"wp:attachment":[{"href":"https:\/\/www2.comunitaria.com.br\/en\/wp-json\/wp\/v2\/media?parent=39617"}],"wp:term":[{"taxonomy":"category","embeddable":true,"href":"https:\/\/www2.comunitaria.com.br\/en\/wp-json\/wp\/v2\/categories?post=39617"},{"taxonomy":"post_tag","embeddable":true,"href":"https:\/\/www2.comunitaria.com.br\/en\/wp-json\/wp\/v2\/tags?post=39617"}],"curies":[{"name":"wp","href":"https:\/\/api.w.org\/{rel}","templated":true}]}}