{"id":3958,"date":"2015-06-11T07:10:37","date_gmt":"2015-06-11T09:10:37","guid":{"rendered":"http:\/\/www2.comunitaria.com.br\/?p=3958"},"modified":"2015-06-11T07:10:37","modified_gmt":"2015-06-11T09:10:37","slug":"vereador-de-gramado-dos-loureiros-morre-em-acidente-na-ers-406-em-nonoai","status":"publish","type":"post","link":"https:\/\/www2.comunitaria.com.br\/en\/vereador-de-gramado-dos-loureiros-morre-em-acidente-na-ers-406-em-nonoai\/","title":{"rendered":"Vereador de Gramado Dos Loureiros morre em acidente na ERS 406 em Nonoai"},"content":{"rendered":"<p>O vereador de Gramado dos Loureiros, Derli Jos\u00e9 Hahn da Silva, de 49 anos, morreu em um acidente de tr\u00e2nsito no final da tarde desta quarta-feira (10) na RS-406, em Nonoai. O pol\u00edtico era da bancada do PSDB do munic\u00edpio de pouco mais de dois mil habitantes.<\/p>\n<p><a href=\"http:\/\/www2.comunitaria.com.br\/wp-content\/uploads\/2015\/06\/016.jpg\"><img loading=\"lazy\" decoding=\"async\" src=\"http:\/\/www2.comunitaria.com.br\/wp-content\/uploads\/2015\/06\/016-150x150.jpg\" alt=\"01\" width=\"150\" height=\"150\" class=\"alignnone size-thumbnail wp-image-3960\" srcset=\"https:\/\/www2.comunitaria.com.br\/wp-content\/uploads\/2015\/06\/016-150x150.jpg 150w, https:\/\/www2.comunitaria.com.br\/wp-content\/uploads\/2015\/06\/016-65x65.jpg 65w\" sizes=\"auto, (max-width: 150px) 100vw, 150px\" \/><\/a><\/p>\n<p>Segundo o Comando Rodovi\u00e1rio da Brigada Militar, o Renault Kangoo conduzido por Silva, invadiu a pista contr\u00e1ria, no quil\u00f4metro 23, e bateu de frente em um caminh\u00e3o. Os dois ve\u00edculos sa\u00edram da pista com o impacto da colis\u00e3o e pararam em uma lavoura \u00e0s margens da rodovia.<\/p>\n<p>Uma mulher, de 36 anos, que estava de carona no Kangoo, foi socorrida pelo Samu e encaminhada ao Hospital Comunit\u00e1rio de Nonai onde n\u00e3o corre risco de vida.<\/p>","protected":false},"excerpt":{"rendered":"<p>O vereador de Gramado dos Loureiros, Derli Jos\u00e9 Hahn da Silva, de 49 anos, morreu em um acidente de tr\u00e2nsito no final da tarde desta quarta-feira (10) na RS-406, em&#8230;<\/p>","protected":false},"author":2,"featured_media":3959,"comment_status":"open","ping_status":"closed","sticky":false,"template":"","format":"standard","meta":{"ngg_post_thumbnail":0,"footnotes":""},"categories":[28,33,36,43],"tags":[96,976,97,116],"class_list":["post-3958","post","type-post","status-publish","format-standard","has-post-thumbnail","hentry","category-destaque","category-noticias","category-policia","category-regiao","tag-acidente","tag-gramado-dos-loureiros","tag-morte","tag-vereador"],"amp_enabled":true,"_links":{"self":[{"href":"https:\/\/www2.comunitaria.com.br\/en\/wp-json\/wp\/v2\/posts\/3958","targetHints":{"allow":["GET"]}}],"collection":[{"href":"https:\/\/www2.comunitaria.com.br\/en\/wp-json\/wp\/v2\/posts"}],"about":[{"href":"https:\/\/www2.comunitaria.com.br\/en\/wp-json\/wp\/v2\/types\/post"}],"author":[{"embeddable":true,"href":"https:\/\/www2.comunitaria.com.br\/en\/wp-json\/wp\/v2\/users\/2"}],"replies":[{"embeddable":true,"href":"https:\/\/www2.comunitaria.com.br\/en\/wp-json\/wp\/v2\/comments?post=3958"}],"version-history":[{"count":0,"href":"https:\/\/www2.comunitaria.com.br\/en\/wp-json\/wp\/v2\/posts\/3958\/revisions"}],"wp:featuredmedia":[{"embeddable":true,"href":"https:\/\/www2.comunitaria.com.br\/en\/wp-json\/wp\/v2\/media\/3959"}],"wp:attachment":[{"href":"https:\/\/www2.comunitaria.com.br\/en\/wp-json\/wp\/v2\/media?parent=3958"}],"wp:term":[{"taxonomy":"category","embeddable":true,"href":"https:\/\/www2.comunitaria.com.br\/en\/wp-json\/wp\/v2\/categories?post=3958"},{"taxonomy":"post_tag","embeddable":true,"href":"https:\/\/www2.comunitaria.com.br\/en\/wp-json\/wp\/v2\/tags?post=3958"}],"curies":[{"name":"wp","href":"https:\/\/api.w.org\/{rel}","templated":true}]}}