{"id":39576,"date":"2020-04-01T15:57:37","date_gmt":"2020-04-01T17:57:37","guid":{"rendered":"http:\/\/www2.comunitaria.com.br\/?p=39576"},"modified":"2020-04-01T16:14:35","modified_gmt":"2020-04-01T18:14:35","slug":"governo-anuncia-r-200-bilhoes-para-ajudar-trabalhadores-e-empresas","status":"publish","type":"post","link":"https:\/\/www2.comunitaria.com.br\/en\/governo-anuncia-r-200-bilhoes-para-ajudar-trabalhadores-e-empresas\/","title":{"rendered":"Governo anuncia R$ 200 bilh\u00f5es para ajudar trabalhadores e empresas"},"content":{"rendered":"<p>O presidente Jair Bolsonaro anunciou nesta quarta-feira, 1\u00ba, cerca de R$ 200 bilh\u00f5es em medidas para socorrer trabalhadores e empresas e ajudar estados e munic\u00edpios no enfrentamento aos efeitos da crise provocada pela pandemia do novo coronav\u00edrus.<\/p>\n<p>Em pronunciamento \u00e0 imprensa no Pal\u00e1cio do Planalto, Bolsonaro explicou que, de hoje para amanh\u00e3, ser\u00e3o editadas tr\u00eas medidas provis\u00f3rias (MP) e sancionado o projeto que prev\u00ea o aux\u00edlio emergencial de R$ 600 para trabalhadores informais, aut\u00f4nomos e sem renda fixa.<\/p>\n<p>Ao lado do presidente, o ministro da Economia, Paulo Guedes, explicou que esse aux\u00edlio custar\u00e1 R$ 98 bilh\u00f5es aos cofres p\u00fablicos e deve beneficiar 54 milh\u00f5es de brasileiros. \u201cDe forma que eles tenham recursos nos pr\u00f3ximos tr\u00eas meses para enfrentar a primeira onda de impacto, que \u00e9 a onda da sa\u00fade. H\u00e1 uma outra onda vindo de desarticula\u00e7\u00e3o econ\u00f4mica que nos amea\u00e7a\u201d, disse.<\/p>\n<p>O governo federal tamb\u00e9m vai transferir R$ 16 bilh\u00f5es para os fundos de participa\u00e7\u00e3o dos estados e dos munic\u00edpios. \u201c\u00c9 para refor\u00e7ar essa luta no&nbsp;<em>front<\/em>, onde o v\u00edrus est\u00e1 atacando, os sistemas de sa\u00fade e seguran\u00e7a\u201d, explicou Guedes.<\/p>\n<h4><strong>Manuten\u00e7\u00e3o de empregos<\/strong><\/h4>\n<p>De acordo com o ministro, as outras medidas s\u00e3o para ajudar as empresas na manuten\u00e7\u00e3o dos empregos. S\u00e3o R$ 51 bilh\u00f5es para complementa\u00e7\u00e3o salarial, em caso de redu\u00e7\u00e3o de sal\u00e1rio e de jornada de trabalho de funcion\u00e1rios, e R$ 40 bilh\u00f5es (R$ 34 bilh\u00f5es do Tesouro e R$ 6 bilh\u00f5es dos bancos privados) de cr\u00e9dito para financiamento da folha de pagamento.<\/p>\n<p>\u201cEnt\u00e3o a empresa que resolver manter os empregos, n\u00f3s n\u00e3o s\u00f3 complementamos o sal\u00e1rio como damos cr\u00e9dito para o pagamento. A empresa est\u00e1 sem capital de giro e reduziu, por exemplo, em 30% a jornada e o sal\u00e1rio, n\u00f3s pagamos 30% do sal\u00e1rio. E ela est\u00e1 sem dinheiro para pagar os outros 70% que se comprometeu a manter, n\u00f3s damos o cr\u00e9dito\u201d, explicou.<\/p>\n<p>Segundo o ministro Guedes, as medidas custar\u00e3o ao Tesouro o correspondente a 2,6% do Produto Interno Bruto (PIB), que \u00e9 a soma de todos os bens e servi\u00e7os produzidos no pa\u00eds.<\/p>\n<h4><strong>Conversa com Trump<\/strong><\/h4>\n<p>O presidente Bolsonaro tamb\u00e9m disse que conversou hoje, por telefone, com o presidente dos Estados Unidos, Donald Tump sobre \u201cesse problema que \u00e9 mundial\u201d. \u201cObviamente, estamos juntos na busca do melhor para os nossos pa\u00edses\u201d, disse no pronunciamento \u00e0 imprensa.<\/p>\n<p>Mais cedo, em publica\u00e7\u00e3o no Twitter, Bolsonaro informou que trocou informa\u00e7\u00f5es sobre o impacto da covid-19 e sobre as experi\u00eancias no uso da hidroxicloroquina. \u201cNa oportunidade, reafirmamos a solidariedade m\u00fatua entre os dois pa\u00edses\u201d, escreveu.<\/p>\n<p>A cloroquina, e sua varia\u00e7\u00e3o hidroxicloroquina, est\u00e1 sendo testada para o tratamento de pacientes internados com covid-19. Esses medicamentos s\u00e3o utilizadas normalmente contra a mal\u00e1ria, nos casos de l\u00fapus e artrite reumatoide.<\/p>\n<p>&nbsp;<\/p>\n<p>&nbsp;<\/p>\n<p>*Ag\u00eancia Brasil\/Andreia Verd\u00e9lio<br \/>\n(Foto: Marcello Casal Jr\/Ag\u00eancia Brasil)<\/p>","protected":false},"excerpt":{"rendered":"<p>O presidente Jair Bolsonaro anunciou nesta quarta-feira, 1\u00ba, cerca de R$ 200 bilh\u00f5es em medidas para socorrer trabalhadores e empresas e ajudar estados e munic\u00edpios no enfrentamento aos efeitos da&#8230;<\/p>","protected":false},"author":2,"featured_media":39577,"comment_status":"open","ping_status":"closed","sticky":false,"template":"","format":"standard","meta":{"ngg_post_thumbnail":0,"footnotes":""},"categories":[47,39,28,33],"tags":[],"class_list":["post-39576","post","type-post","status-publish","format-standard","has-post-thumbnail","hentry","category-brasil","category-economia","category-destaque","category-noticias"],"amp_enabled":true,"_links":{"self":[{"href":"https:\/\/www2.comunitaria.com.br\/en\/wp-json\/wp\/v2\/posts\/39576","targetHints":{"allow":["GET"]}}],"collection":[{"href":"https:\/\/www2.comunitaria.com.br\/en\/wp-json\/wp\/v2\/posts"}],"about":[{"href":"https:\/\/www2.comunitaria.com.br\/en\/wp-json\/wp\/v2\/types\/post"}],"author":[{"embeddable":true,"href":"https:\/\/www2.comunitaria.com.br\/en\/wp-json\/wp\/v2\/users\/2"}],"replies":[{"embeddable":true,"href":"https:\/\/www2.comunitaria.com.br\/en\/wp-json\/wp\/v2\/comments?post=39576"}],"version-history":[{"count":0,"href":"https:\/\/www2.comunitaria.com.br\/en\/wp-json\/wp\/v2\/posts\/39576\/revisions"}],"wp:featuredmedia":[{"embeddable":true,"href":"https:\/\/www2.comunitaria.com.br\/en\/wp-json\/wp\/v2\/media\/39577"}],"wp:attachment":[{"href":"https:\/\/www2.comunitaria.com.br\/en\/wp-json\/wp\/v2\/media?parent=39576"}],"wp:term":[{"taxonomy":"category","embeddable":true,"href":"https:\/\/www2.comunitaria.com.br\/en\/wp-json\/wp\/v2\/categories?post=39576"},{"taxonomy":"post_tag","embeddable":true,"href":"https:\/\/www2.comunitaria.com.br\/en\/wp-json\/wp\/v2\/tags?post=39576"}],"curies":[{"name":"wp","href":"https:\/\/api.w.org\/{rel}","templated":true}]}}