{"id":39568,"date":"2020-04-01T11:25:35","date_gmt":"2020-04-01T13:25:35","guid":{"rendered":"http:\/\/www2.comunitaria.com.br\/?p=39568"},"modified":"2020-04-01T11:25:35","modified_gmt":"2020-04-01T13:25:35","slug":"secretaria-da-saude-confirma-305-casos-de-coronavirus-no-rio-grande-do-sul","status":"publish","type":"post","link":"https:\/\/www2.comunitaria.com.br\/en\/secretaria-da-saude-confirma-305-casos-de-coronavirus-no-rio-grande-do-sul\/","title":{"rendered":"Secretaria da Sa\u00fade confirma 305 casos de coronav\u00edrus no Rio Grande do Sul"},"content":{"rendered":"<div class=\"article-paragraph\">\n<p>A&nbsp;Secretaria Estadual da Sa\u00fade divulgou nova atualiza\u00e7\u00e3o dos dados de coronav\u00edrus no Rio Grande do Sul. At\u00e9 o in\u00edcio da noite desta ter\u00e7a-feira, 31, o Estado contabilizava 305 casos confirmados de covid-19. S\u00e3o 24 a mais do que no dia anterior, o que representa uma acelera\u00e7\u00e3o nas confirma\u00e7\u00f5es \u2014 na segunda-feira, haviam sido registrados 13 novos diagn\u00f3sticos.&nbsp;<\/p>\n<\/div>\n<div class=\"article-paragraph\">\n<p>Em Porto Alegre, foram confirmados 47 novos pacientes com a doen\u00e7a. Com isso, sobe para 190 os casos na Capital.<\/p>\n<\/div>\n<div class=\"article-paragraph\">\n<p>Em&nbsp;S\u00e3o Leopoldo, ocorreu uma confirma\u00e7\u00e3o, e assim a cidade do Vale do Sinos tem quatro registros de coronav\u00edrus. J\u00e1 S\u00e3o Domingos do Sul teve o primeiro caso confirmado da doen\u00e7a.<\/p>\n<\/div>\n<div class=\"article-paragraph\">\n<p>Na manh\u00e3 &nbsp;desta ter\u00e7a-feira, 31, a secretaria j\u00e1 havia confirmado um paciente em Cap\u00e3o do Le\u00e3o, no sul do Estado, e outro em&nbsp;Cachoeirinha, na Regi\u00e3o Metropolitana.&nbsp;<\/p>\n<\/div>\n<div class=\"article-paragraph\">\n<p>Os dados divulgados pelo \u00f3rg\u00e3o apontam que a faixa et\u00e1ria dos 30 aos 49 anos apresenta o maior n\u00famero de casos, s\u00e3o 112.&nbsp;<\/p>\n<\/div>\n<div class=\"article-paragraph\">\n<p>Na segunda-feira (30), a secretaria confirmou duas mortes por coronav\u00edrus no RS. Uma idosa, de 84 anos, que estava internada no Hospital Regina, em Novo Hamburgo, e um homem, de 60 anos, que era atendido no Hospital da Unimed, no mesmo munic\u00edpio.&nbsp;Ao todo, s\u00e3o quatro mortes pela doen\u00e7a no Estado.<\/p>\n<\/div>\n<div class=\"article-paragraph\">\n<p>Com a confirma\u00e7\u00e3o dos primeiros casos em Cachoeirinha, Cap\u00e3o do Le\u00e3o e S\u00e3o Domingos do Sul, o n\u00famero de munic\u00edpios afetados pela covid-19 subiu para 51.<\/p>\n<\/div>\n<div class=\"article-paragraph\">\n<p>Confira a lista de casos por cidade<\/p>\n<\/div>\n<div class=\"article-paragraph\">\n<ul>\n<li class=\"unordered-list-item\">Alvorada -2<\/li>\n<li class=\"unordered-list-item\">Anta Gorda &#8211; 2<\/li>\n<li class=\"unordered-list-item\">Bag\u00e9 &#8211; 15<\/li>\n<li class=\"unordered-list-item\">Bento Gon\u00e7alves &#8211; 2<\/li>\n<li class=\"unordered-list-item\">Cachoeira do Sul &#8211; 1<\/li>\n<li class=\"unordered-list-item\">Cachoeirinha &#8211; 1&nbsp;<\/li>\n<li class=\"unordered-list-item\">Campo Bom &#8211; 2<\/li>\n<li class=\"unordered-list-item\">Canoas &#8211; 8<\/li>\n<li class=\"unordered-list-item\">Cangu\u00e7u &#8211; 1<\/li>\n<li class=\"unordered-list-item\">Cap\u00e3o da Canoa &#8211; 2<\/li>\n<li class=\"unordered-list-item\">Cap\u00e3o do Le\u00e3o &#8211; 1<\/li>\n<li class=\"unordered-list-item\">Carlos Barbosa &#8211; 1<\/li>\n<li class=\"unordered-list-item\">Caxias do Sul &#8211; 13<\/li>\n<li class=\"unordered-list-item\">Cerro Grande do Sul &#8211; 1<\/li>\n<li class=\"unordered-list-item\">Charqueadas &#8211; 1<\/li>\n<li class=\"unordered-list-item\">Cruzeiro do Sul &#8211; 1<\/li>\n<li class=\"unordered-list-item\">Dois Irm\u00e3os &#8211; 1<\/li>\n<li class=\"unordered-list-item\">Dom Pedrito &#8211; 1<\/li>\n<li class=\"unordered-list-item\">Eldorado do Sul &#8211; 1<\/li>\n<li class=\"unordered-list-item\">Erechim &#8211; 3<\/li>\n<li class=\"unordered-list-item\">Est\u00e2ncia Velha -2<\/li>\n<li class=\"unordered-list-item\">Estrela &#8211; 1<\/li>\n<li class=\"unordered-list-item\">Farroupilha &#8211; 1<\/li>\n<li class=\"unordered-list-item\">Garibaldi &#8211; 1<\/li>\n<li class=\"unordered-list-item\">Gravata\u00ed &#8211; 1<\/li>\n<li class=\"unordered-list-item\">Ivoti &#8211; 3<\/li>\n<li class=\"unordered-list-item\">Lajeado -5<\/li>\n<li class=\"unordered-list-item\">Marau \u2013 1<\/li>\n<li class=\"unordered-list-item\">Nova Palma &#8211; 1<\/li>\n<li class=\"unordered-list-item\">Novo Hamburgo &#8211; 2<\/li>\n<li class=\"unordered-list-item\">Os\u00f3rio &#8211; 1<\/li>\n<li class=\"unordered-list-item\">Para\u00ed &#8211; 1<\/li>\n<li class=\"unordered-list-item\">Passo Fundo &#8211; 1<\/li>\n<li class=\"unordered-list-item\">Pelotas &#8211; 2<\/li>\n<li class=\"unordered-list-item\">Piratini &#8211; 1<\/li>\n<li class=\"unordered-list-item\">Porto Alegre &#8211; 190<\/li>\n<li class=\"unordered-list-item\">Rio Grande &#8211; 2<\/li>\n<li class=\"unordered-list-item\">Rolante &#8211; 1<\/li>\n<li class=\"unordered-list-item\">Santa Maria &#8211; 2<\/li>\n<li class=\"unordered-list-item\">Santa Rosa &#8211; 1<\/li>\n<li class=\"unordered-list-item\">Santana do Livramento &#8211; 4<\/li>\n<li class=\"unordered-list-item\">Santiago &#8211; 1<\/li>\n<li class=\"unordered-list-item\">Santo Ant\u00f4nio da Patrulha &#8211; 1<\/li>\n<li class=\"unordered-list-item\">S\u00e3o Domingos do Sul &#8211; 1<\/li>\n<li class=\"unordered-list-item\">S\u00e3o Leopoldo &#8211; 4<\/li>\n<li class=\"unordered-list-item\">Sapiranga &#8211; 1<\/li>\n<li class=\"unordered-list-item\">Serafina Corr\u00eaa &#8211; 3<\/li>\n<li class=\"unordered-list-item\">Taquara \u2013 1<\/li>\n<li class=\"unordered-list-item\">Taquari &#8211; 1<\/li>\n<li class=\"unordered-list-item\">Torres &#8211; 7<\/li>\n<li class=\"unordered-list-item\">Viam\u00e3o &#8211; 1<\/li>\n<\/ul>\n<\/div>\n<p>&nbsp;<\/p>\n<p>&nbsp;<\/p>\n<p>&nbsp;<\/p>\n<p><em>*Texto: GauchaZH<br \/>\n<\/em><em>(Foto: Dado Ruvic\/Reuters)<\/em><\/p>","protected":false},"excerpt":{"rendered":"<p>A&nbsp;Secretaria Estadual da Sa\u00fade divulgou nova atualiza\u00e7\u00e3o dos dados de coronav\u00edrus no Rio Grande do Sul. At\u00e9 o in\u00edcio da noite desta ter\u00e7a-feira, 31, o Estado contabilizava 305 casos confirmados&#8230;<\/p>","protected":false},"author":2,"featured_media":39569,"comment_status":"open","ping_status":"closed","sticky":false,"template":"","format":"standard","meta":{"ngg_post_thumbnail":0,"footnotes":""},"categories":[42,28,33,37],"tags":[],"class_list":["post-39568","post","type-post","status-publish","format-standard","has-post-thumbnail","hentry","category-fred-west","category-destaque","category-noticias","category-saude"],"amp_enabled":true,"_links":{"self":[{"href":"https:\/\/www2.comunitaria.com.br\/en\/wp-json\/wp\/v2\/posts\/39568","targetHints":{"allow":["GET"]}}],"collection":[{"href":"https:\/\/www2.comunitaria.com.br\/en\/wp-json\/wp\/v2\/posts"}],"about":[{"href":"https:\/\/www2.comunitaria.com.br\/en\/wp-json\/wp\/v2\/types\/post"}],"author":[{"embeddable":true,"href":"https:\/\/www2.comunitaria.com.br\/en\/wp-json\/wp\/v2\/users\/2"}],"replies":[{"embeddable":true,"href":"https:\/\/www2.comunitaria.com.br\/en\/wp-json\/wp\/v2\/comments?post=39568"}],"version-history":[{"count":0,"href":"https:\/\/www2.comunitaria.com.br\/en\/wp-json\/wp\/v2\/posts\/39568\/revisions"}],"wp:featuredmedia":[{"embeddable":true,"href":"https:\/\/www2.comunitaria.com.br\/en\/wp-json\/wp\/v2\/media\/39569"}],"wp:attachment":[{"href":"https:\/\/www2.comunitaria.com.br\/en\/wp-json\/wp\/v2\/media?parent=39568"}],"wp:term":[{"taxonomy":"category","embeddable":true,"href":"https:\/\/www2.comunitaria.com.br\/en\/wp-json\/wp\/v2\/categories?post=39568"},{"taxonomy":"post_tag","embeddable":true,"href":"https:\/\/www2.comunitaria.com.br\/en\/wp-json\/wp\/v2\/tags?post=39568"}],"curies":[{"name":"wp","href":"https:\/\/api.w.org\/{rel}","templated":true}]}}