{"id":39563,"date":"2020-03-31T18:43:48","date_gmt":"2020-03-31T20:43:48","guid":{"rendered":"http:\/\/www2.comunitaria.com.br\/?p=39563"},"modified":"2020-03-31T18:45:10","modified_gmt":"2020-03-31T20:45:10","slug":"administracao-municipal-divulga-medidas-para-reduzir-impactos-economicos-aos-empreendedores","status":"publish","type":"post","link":"https:\/\/www2.comunitaria.com.br\/en\/administracao-municipal-divulga-medidas-para-reduzir-impactos-economicos-aos-empreendedores\/","title":{"rendered":"Administra\u00e7\u00e3o Municipal divulga medidas para reduzir impactos econ\u00f4micos aos empreendedores"},"content":{"rendered":"<p><em>Programas da prefeitura tamb\u00e9m foram beneficiados com prorroga\u00e7\u00e3o de prazos<\/em><\/p>\n<p>Devido ao estado de Calamidade P\u00fablica em virtude do enfrentamento ao coronav\u00edrus, a Prefeitura de Frederico Westphalen publicou o Decreto n\u00ba 46, que define a prorroga\u00e7\u00e3o de prazos para pagamento de tributos municipais. O Ato foi assinado na segunda-feira, 30, e prev\u00ea a prorroga\u00e7\u00e3o de impostos, taxas e programas municipais.<\/p>\n<p>Conforme o Decreto, a taxa de servi\u00e7os p\u00fablicos de vigil\u00e2ncia sanit\u00e1ria, com vencimento previsto para hoje, 31, foi prorrogada para 30 de maio de 2020. O Imposto Sobre Servi\u00e7os (ISS Fixo), tamb\u00e9m com vencimento para hoje, 31, fica prorrogado para o dia 30 de maio de 2020. As taxas de licen\u00e7as ambientais expedidas pela Secretaria Municipal de Meio Ambiente, com vencimento em 20 de mar\u00e7o de 2020 a 4 de abril de 2020, foram prorrogadas at\u00e9 o dia 3 de junho de 2020.<\/p>\n<p>O pagamento do programa Troca-troca de sementes de milho e sorgo 2019\/2020, com vencimento previsto para 30 de abril de 2020 foi prorrogado para o dia 30 de junho de 2020.<\/p>\n<p>O vencimento do Programa Municipal de Desenvolvimento da Agroind\u00fastria Familiar, com parcela para ser paga em abril, foi prorrogada para o mesmo dia de vencimento do m\u00eas seguinte a \u00faltima parcela j\u00e1 lan\u00e7ada.<\/p>\n<p>O programa Pr\u00f3-Empresa tamb\u00e9m foi inclu\u00eddo na prorroga\u00e7\u00e3o dos prazos. A parcela referente ao m\u00eas de abril de 2020 fica prorrogada para o dia 8 de julho de 2020, sendo que as demais permanecem nos prazos j\u00e1 estipulados no contrato.<\/p>\n<p>Para o prefeito de Frederico Westphalen, Jos\u00e9 Alberto Panosso, o munic\u00edpio enfrenta dificuldades devido \u00e0 situa\u00e7\u00e3o de Calamidade P\u00fablica causada pelo coronav\u00edrus. Al\u00e9m disso, houve queda consider\u00e1vel na arrecada\u00e7\u00e3o em virtude da suspens\u00e3o das atividades econ\u00f4micas. Por\u00e9m, os empreendedores tamb\u00e9m est\u00e3o sofrendo com estas situa\u00e7\u00f5es e \u00e9 dever do Poder P\u00fablico agir em prol da classe empresarial. \u201cOs servi\u00e7os p\u00fablicos se mantiveram e continuamos trabalhando em todos os setores, especialmente na sa\u00fade, obras e na agricultura. Enfrentamos uma grande estiagem e nossos agricultores est\u00e3o contabilizando preju\u00edzos. Mas essa situa\u00e7\u00e3o, aliada ao isolamento devido ao coronav\u00edrus, prejudicou toda classe empresarial e, por isso, fizemos um grande esfor\u00e7o para prorrogarmos a aplica\u00e7\u00e3o das taxas para ajudarmos nossos valorosos empreendedores\u201d, destacou.<\/p>\n<p>&nbsp;<\/p>\n<p>*Ascom\/Prefeitura de FW<\/p>\n<p>&nbsp;<\/p>","protected":false},"excerpt":{"rendered":"<p>Programas da prefeitura tamb\u00e9m foram beneficiados com prorroga\u00e7\u00e3o de prazos Devido ao estado de Calamidade P\u00fablica em virtude do enfrentamento ao coronav\u00edrus, a Prefeitura de Frederico Westphalen publicou o Decreto&#8230;<\/p>","protected":false},"author":2,"featured_media":39345,"comment_status":"open","ping_status":"closed","sticky":false,"template":"","format":"standard","meta":{"ngg_post_thumbnail":0,"footnotes":""},"categories":[28],"tags":[],"class_list":["post-39563","post","type-post","status-publish","format-standard","has-post-thumbnail","hentry","category-destaque"],"amp_enabled":true,"_links":{"self":[{"href":"https:\/\/www2.comunitaria.com.br\/en\/wp-json\/wp\/v2\/posts\/39563","targetHints":{"allow":["GET"]}}],"collection":[{"href":"https:\/\/www2.comunitaria.com.br\/en\/wp-json\/wp\/v2\/posts"}],"about":[{"href":"https:\/\/www2.comunitaria.com.br\/en\/wp-json\/wp\/v2\/types\/post"}],"author":[{"embeddable":true,"href":"https:\/\/www2.comunitaria.com.br\/en\/wp-json\/wp\/v2\/users\/2"}],"replies":[{"embeddable":true,"href":"https:\/\/www2.comunitaria.com.br\/en\/wp-json\/wp\/v2\/comments?post=39563"}],"version-history":[{"count":0,"href":"https:\/\/www2.comunitaria.com.br\/en\/wp-json\/wp\/v2\/posts\/39563\/revisions"}],"wp:featuredmedia":[{"embeddable":true,"href":"https:\/\/www2.comunitaria.com.br\/en\/wp-json\/wp\/v2\/media\/39345"}],"wp:attachment":[{"href":"https:\/\/www2.comunitaria.com.br\/en\/wp-json\/wp\/v2\/media?parent=39563"}],"wp:term":[{"taxonomy":"category","embeddable":true,"href":"https:\/\/www2.comunitaria.com.br\/en\/wp-json\/wp\/v2\/categories?post=39563"},{"taxonomy":"post_tag","embeddable":true,"href":"https:\/\/www2.comunitaria.com.br\/en\/wp-json\/wp\/v2\/tags?post=39563"}],"curies":[{"name":"wp","href":"https:\/\/api.w.org\/{rel}","templated":true}]}}