{"id":39551,"date":"2020-03-31T15:59:25","date_gmt":"2020-03-31T17:59:25","guid":{"rendered":"http:\/\/www2.comunitaria.com.br\/?p=39551"},"modified":"2020-03-31T15:59:25","modified_gmt":"2020-03-31T17:59:25","slug":"nota-assinada-por-114-entidades-pede-que-governo-e-prefeituras-do-rs-mantenham-isolamento-social","status":"publish","type":"post","link":"https:\/\/www2.comunitaria.com.br\/en\/nota-assinada-por-114-entidades-pede-que-governo-e-prefeituras-do-rs-mantenham-isolamento-social\/","title":{"rendered":"Nota assinada por 114 entidades pede que governo e prefeituras do RS mantenham isolamento social"},"content":{"rendered":"<div class=\"mc-column content-text active-extra-styles active-capital-letter\" data-block-type=\"unstyled\" data-block-weight=\"61\" data-block-id=\"1\">\n<p class=\"content-text__container theme-color-primary-first-letter\" data-track-category=\"Link no Texto\" data-track-links=\"\">Uma nota assinada em conjunto por 114 entidades do Rio Grande do Sul pede que o governador Eduardo Leite e os prefeitos municipais mantenham o isolamento social para o enfrentamento \u00e0&nbsp;pandemia de Covid-19. O pedido refor\u00e7a as orienta\u00e7\u00f5es da Organiza\u00e7\u00e3o Mundial da Sa\u00fade (OMS) e do Minist\u00e9rio da Sa\u00fade ap\u00f3s algumas cidades flexibilizarem decretos para permitir a circula\u00e7\u00e3o de pessoas.<\/p>\n<\/div>\n<div class=\"wall protected-content\">\n<div class=\"mc-column content-text active-extra-styles\" data-block-type=\"unstyled\" data-block-weight=\"39\" data-block-id=\"2\">\n<p class=\"content-text__container\" data-track-category=\"Link no Texto\" data-track-links=\"\">Entre os signat\u00e1rios da nota est\u00e3o os presidentes, diretores e reitores das universidades e institutos federais do RS, do Conselho M\u00e9dico e da Associa\u00e7\u00e3o M\u00e9dica, de sindicatos, associa\u00e7\u00f5es, conselhos, institutos e federa\u00e7\u00f5es do estado.&nbsp;<\/p>\n<\/div>\n<\/div>\n<p>Leia a nota na \u00edntegra:<\/p>\n<p>NOTA CONJUNTA AO GOVERNADOR E AOS PREFEITOS DO RS<\/p>\n<div class=\"mc-column content-text active-extra-styles\" data-block-type=\"unstyled\" data-block-weight=\"50\" data-block-id=\"7\">\n<p class=\"content-text__container\" data-track-category=\"Link no Texto\" data-track-links=\"\"><em>As entidades que assinam este documento manifestam, em conjunto, apoio \u00e0s orienta\u00e7\u00f5es da Organiza\u00e7\u00e3o Mundial da Sa\u00fade (OMS) e do Minist\u00e9rio da Sa\u00fade, assim como das principais entidades m\u00e9dicas, sanit\u00e1rias e cient\u00edficas do pa\u00eds e do mundo, de manuten\u00e7\u00e3o do isolamento social como fundamental medida para o enfrentamento \u00e0 Covid-19.<\/em><\/p>\n<\/div>\n<div class=\"mc-column content-text active-extra-styles\" data-block-type=\"unstyled\" data-block-weight=\"53\" data-block-id=\"9\">\n<p class=\"content-text__container\" data-track-category=\"Link no Texto\" data-track-links=\"\"><em>\u00c9 necess\u00e1rio respeitar todas as recomenda\u00e7\u00f5es t\u00e9cnicas pelos pr\u00f3ximos dias para analisar o crescimento da curva no Brasil e o impacto das medidas j\u00e1 adotadas. Para isso, \u00e9 imperativo intensificar as estrat\u00e9gias de isolamento para conter o aumento da pandemia, assim como garantir tempo para organiza\u00e7\u00e3o e redimensionamento do nosso sistema de sa\u00fade.<\/em><\/p>\n<\/div>\n<div class=\"mc-column content-text active-extra-styles\" data-block-type=\"unstyled\" data-block-weight=\"76\" data-block-id=\"10\">\n<p class=\"content-text__container\" data-track-category=\"Link no Texto\" data-track-links=\"\"><em>No Rio Grande do Sul, por exemplo, a grande maioria dos munic\u00edpios ainda aguarda a chegada de equipamentos de prote\u00e7\u00e3o individual, como m\u00e1scaras, luvas e aventais, al\u00e9m de aparelhos hospitalares, como respiradores mec\u00e2nicos. Precisamos da firmeza das autoridades das esferas municipal, estadual e federal para manter o com\u00e9rcio fechado e as aulas suspensas. Mesmo os servi\u00e7os reconhecidos legalmente como essenciais, e que precisam seguir em atividade, devem atender meticulosamente todas as orienta\u00e7\u00f5es de preven\u00e7\u00e3o e prote\u00e7\u00e3o.<\/em><\/p>\n<\/div>\n<div class=\"mc-column content-text active-extra-styles\" data-block-type=\"unstyled\" data-block-weight=\"75\" data-block-id=\"11\">\n<p class=\"content-text__container\" data-track-category=\"Link no Texto\" data-track-links=\"\"><em>O mundo est\u00e1 nos mostrando a gravidade do problema que enfrentamos. Mais de 30 mil vidas j\u00e1 foram perdidas. As grandes pot\u00eancias sofrem para vencer o novo Coronav\u00edrus. \u00c9 hora de tomar as medidas necess\u00e1rias, mesmo sendo duras. Estamos conscientes com rela\u00e7\u00e3o a grave crise econ\u00f4mica que enfrentaremos, mas precisamos lutar em defesa do bem maior de cada ser humano, que \u00e9 a vida. O momento recomenda ouvir a voz l\u00facida da comunidade cient\u00edfica mundial.<\/em><\/p>\n<\/div>\n<div class=\"mc-column content-text active-extra-styles\" data-block-type=\"unstyled\" data-block-weight=\"12\" data-block-id=\"12\">\n<p class=\"content-text__container\" data-track-category=\"Link no Texto\" data-track-links=\"\"><em>Fiquem em casa. A vida n\u00e3o tem pre\u00e7o. Todas as vidas valem.<\/em><\/p>\n<\/div>\n<p>Acesse a nota <a href=\"http:\/\/www.famurs.com.br\/wp-content\/uploads\/2020\/03\/NOTA-CONJUNTA-ISOLAMENTO-FINAL2.pdf\">aqui<\/a>.<\/p>\n<p><em>(Foto: reprodu\u00e7\u00e3o)<\/em><\/p>","protected":false},"excerpt":{"rendered":"<p>Uma nota assinada em conjunto por 114 entidades do Rio Grande do Sul pede que o governador Eduardo Leite e os prefeitos municipais mantenham o isolamento social para o enfrentamento \u00e0&nbsp;pandemia de Covid-19. O pedido refor\u00e7a as orienta\u00e7\u00f5es da Organiza\u00e7\u00e3o Mundial da Sa\u00fade (OMS) e do Minist\u00e9rio da Sa\u00fade ap\u00f3s algumas cidades flexibilizarem decretos para<\/p>\n<div class=\"read-more-wrapper\"><a class=\"read-more\" href=\"https:\/\/www2.comunitaria.com.br\/en\/nota-assinada-por-114-entidades-pede-que-governo-e-prefeituras-do-rs-mantenham-isolamento-social\/\" title=\"Read More\"> <span class=\"button\">Read More<\/span><\/a><\/div>","protected":false},"author":2,"featured_media":39552,"comment_status":"open","ping_status":"closed","sticky":false,"template":"","format":"standard","meta":{"ngg_post_thumbnail":0,"footnotes":""},"categories":[46,33,37],"tags":[],"class_list":["post-39551","post","type-post","status-publish","format-standard","has-post-thumbnail","hentry","category-estado","category-noticias","category-saude"],"amp_enabled":true,"_links":{"self":[{"href":"https:\/\/www2.comunitaria.com.br\/en\/wp-json\/wp\/v2\/posts\/39551","targetHints":{"allow":["GET"]}}],"collection":[{"href":"https:\/\/www2.comunitaria.com.br\/en\/wp-json\/wp\/v2\/posts"}],"about":[{"href":"https:\/\/www2.comunitaria.com.br\/en\/wp-json\/wp\/v2\/types\/post"}],"author":[{"embeddable":true,"href":"https:\/\/www2.comunitaria.com.br\/en\/wp-json\/wp\/v2\/users\/2"}],"replies":[{"embeddable":true,"href":"https:\/\/www2.comunitaria.com.br\/en\/wp-json\/wp\/v2\/comments?post=39551"}],"version-history":[{"count":0,"href":"https:\/\/www2.comunitaria.com.br\/en\/wp-json\/wp\/v2\/posts\/39551\/revisions"}],"wp:featuredmedia":[{"embeddable":true,"href":"https:\/\/www2.comunitaria.com.br\/en\/wp-json\/wp\/v2\/media\/39552"}],"wp:attachment":[{"href":"https:\/\/www2.comunitaria.com.br\/en\/wp-json\/wp\/v2\/media?parent=39551"}],"wp:term":[{"taxonomy":"category","embeddable":true,"href":"https:\/\/www2.comunitaria.com.br\/en\/wp-json\/wp\/v2\/categories?post=39551"},{"taxonomy":"post_tag","embeddable":true,"href":"https:\/\/www2.comunitaria.com.br\/en\/wp-json\/wp\/v2\/tags?post=39551"}],"curies":[{"name":"wp","href":"https:\/\/api.w.org\/{rel}","templated":true}]}}