{"id":39492,"date":"2020-03-28T10:55:49","date_gmt":"2020-03-28T12:55:49","guid":{"rendered":"http:\/\/www2.comunitaria.com.br\/?p=39492"},"modified":"2020-03-29T11:27:25","modified_gmt":"2020-03-29T13:27:25","slug":"cufa-prosegue-com-doacoes-de-alimentos-em-fw","status":"publish","type":"post","link":"https:\/\/www2.comunitaria.com.br\/en\/cufa-prosegue-com-doacoes-de-alimentos-em-fw\/","title":{"rendered":"Cufa prosegue com doa\u00e7\u00f5es de alimentos em FW"},"content":{"rendered":"<p>A tarde de sexta-feira, 27, foi marcada pela entrega de alimentos para fam\u00edlias no Viaduto e no Bairro S\u00e3o Jos\u00e9, em Frederico Westphalen.<\/p>\n<p>Todos os produtos aliment\u00edcios foram entregues gra\u00e7as \u00e0 doa\u00e7\u00f5es. Os kits foram montados e distribu\u00eddos pela Cufa\/FW. Ao todo, foram entregues 80 kits, sendo 20 no Viaduto e outros 60 no bairro S\u00e3o Jos\u00e9.<\/p>\n<p>A Cufa\/FW ainda est\u00e1 recebendo donativos, os quais poder\u00e3o ser direcionados para os membros da organiza\u00e7\u00e3o:<\/p>\n<p>Beto Torres, (055) 9 9923 4666<br \/>\nJunior Torres, (055) 9 9909 3759<br \/>\nVin\u00edcius Duarte, (055) 9 8107 5900<br \/>\nHelenice Dalla Nora, (055) 9 9622 4506<\/p>","protected":false},"excerpt":{"rendered":"<p>A tarde de sexta-feira, 27, foi marcada pela entrega de alimentos para fam\u00edlias no Viaduto e no Bairro S\u00e3o Jos\u00e9, em Frederico Westphalen. Todos os produtos aliment\u00edcios foram entregues gra\u00e7as \u00e0 doa\u00e7\u00f5es. Os kits foram montados e distribu\u00eddos pela Cufa\/FW. Ao todo, foram entregues 80 kits, sendo 20 no Viaduto e outros 60 no bairro<\/p>\n<div class=\"read-more-wrapper\"><a class=\"read-more\" href=\"https:\/\/www2.comunitaria.com.br\/en\/cufa-prosegue-com-doacoes-de-alimentos-em-fw\/\" title=\"Read More\"> <span class=\"button\">Read More<\/span><\/a><\/div>","protected":false},"author":2,"featured_media":39499,"comment_status":"open","ping_status":"closed","sticky":false,"template":"","format":"standard","meta":{"ngg_post_thumbnail":0,"footnotes":""},"categories":[33],"tags":[],"class_list":["post-39492","post","type-post","status-publish","format-standard","has-post-thumbnail","hentry","category-noticias"],"amp_enabled":true,"_links":{"self":[{"href":"https:\/\/www2.comunitaria.com.br\/en\/wp-json\/wp\/v2\/posts\/39492","targetHints":{"allow":["GET"]}}],"collection":[{"href":"https:\/\/www2.comunitaria.com.br\/en\/wp-json\/wp\/v2\/posts"}],"about":[{"href":"https:\/\/www2.comunitaria.com.br\/en\/wp-json\/wp\/v2\/types\/post"}],"author":[{"embeddable":true,"href":"https:\/\/www2.comunitaria.com.br\/en\/wp-json\/wp\/v2\/users\/2"}],"replies":[{"embeddable":true,"href":"https:\/\/www2.comunitaria.com.br\/en\/wp-json\/wp\/v2\/comments?post=39492"}],"version-history":[{"count":0,"href":"https:\/\/www2.comunitaria.com.br\/en\/wp-json\/wp\/v2\/posts\/39492\/revisions"}],"wp:featuredmedia":[{"embeddable":true,"href":"https:\/\/www2.comunitaria.com.br\/en\/wp-json\/wp\/v2\/media\/39499"}],"wp:attachment":[{"href":"https:\/\/www2.comunitaria.com.br\/en\/wp-json\/wp\/v2\/media?parent=39492"}],"wp:term":[{"taxonomy":"category","embeddable":true,"href":"https:\/\/www2.comunitaria.com.br\/en\/wp-json\/wp\/v2\/categories?post=39492"},{"taxonomy":"post_tag","embeddable":true,"href":"https:\/\/www2.comunitaria.com.br\/en\/wp-json\/wp\/v2\/tags?post=39492"}],"curies":[{"name":"wp","href":"https:\/\/api.w.org\/{rel}","templated":true}]}}