{"id":3939,"date":"2015-06-10T09:44:40","date_gmt":"2015-06-10T11:44:40","guid":{"rendered":"http:\/\/www2.comunitaria.com.br\/?p=3939"},"modified":"2015-06-10T09:45:06","modified_gmt":"2015-06-10T11:45:06","slug":"incendio-destroi-galpao-na-linha-pedras-brancas","status":"publish","type":"post","link":"https:\/\/www2.comunitaria.com.br\/en\/incendio-destroi-galpao-na-linha-pedras-brancas\/","title":{"rendered":"Inc\u00eandio destr\u00f3i galp\u00e3o na Linha Pedras Brancas"},"content":{"rendered":"<p>A equipe do Corpo de Bombeiros atendeu a uma ocorr\u00eancia nas ultimas 24hs. Um galp\u00e3o foi totalmente destru\u00eddo pelo fogo na linha Pedras Brancas, interior de Frederico Westphalen. OU\u00c7A:<\/p>\n<!--[if lt IE 9]><script>document.createElement('audio');<\/script><![endif]-->\n<audio class=\"wp-audio-shortcode\" id=\"audio-3939-1\" preload=\"none\" style=\"width: 100%;\" controls=\"controls\"><source type=\"audio\/mpeg\" src=\"http:\/\/www2.comunitaria.com.br\/wp-content\/uploads\/2015\/06\/Bombeiros.mp3?_=1\" \/><a href=\"http:\/\/www2.comunitaria.com.br\/wp-content\/uploads\/2015\/06\/Bombeiros.mp3\">http:\/\/www2.comunitaria.com.br\/wp-content\/uploads\/2015\/06\/Bombeiros.mp3<\/a><\/audio>","protected":false},"excerpt":{"rendered":"<p>A equipe do Corpo de Bombeiros atendeu a uma ocorr\u00eancia nas ultimas 24hs. Um galp\u00e3o foi totalmente destru\u00eddo pelo fogo na linha Pedras Brancas, interior de Frederico Westphalen. OU\u00c7A:<\/p>\n<div class=\"read-more-wrapper\"><a class=\"read-more\" href=\"https:\/\/www2.comunitaria.com.br\/en\/incendio-destroi-galpao-na-linha-pedras-brancas\/\" title=\"Read More\"> <span class=\"button\">Read More<\/span><\/a><\/div>","protected":false},"author":2,"featured_media":3941,"comment_status":"open","ping_status":"closed","sticky":false,"template":"","format":"standard","meta":{"ngg_post_thumbnail":0,"footnotes":""},"categories":[51,41,42,33],"tags":[830,641,973],"class_list":["post-3939","post","type-post","status-publish","format-standard","has-post-thumbnail","hentry","category-audio","category-boletim-dos-bombeiros","category-fred-west","category-noticias","tag-boletim-dos-bombeiros","tag-incendio","tag-linha-pedras-brancas"],"amp_enabled":true,"_links":{"self":[{"href":"https:\/\/www2.comunitaria.com.br\/en\/wp-json\/wp\/v2\/posts\/3939","targetHints":{"allow":["GET"]}}],"collection":[{"href":"https:\/\/www2.comunitaria.com.br\/en\/wp-json\/wp\/v2\/posts"}],"about":[{"href":"https:\/\/www2.comunitaria.com.br\/en\/wp-json\/wp\/v2\/types\/post"}],"author":[{"embeddable":true,"href":"https:\/\/www2.comunitaria.com.br\/en\/wp-json\/wp\/v2\/users\/2"}],"replies":[{"embeddable":true,"href":"https:\/\/www2.comunitaria.com.br\/en\/wp-json\/wp\/v2\/comments?post=3939"}],"version-history":[{"count":0,"href":"https:\/\/www2.comunitaria.com.br\/en\/wp-json\/wp\/v2\/posts\/3939\/revisions"}],"wp:featuredmedia":[{"embeddable":true,"href":"https:\/\/www2.comunitaria.com.br\/en\/wp-json\/wp\/v2\/media\/3941"}],"wp:attachment":[{"href":"https:\/\/www2.comunitaria.com.br\/en\/wp-json\/wp\/v2\/media?parent=3939"}],"wp:term":[{"taxonomy":"category","embeddable":true,"href":"https:\/\/www2.comunitaria.com.br\/en\/wp-json\/wp\/v2\/categories?post=3939"},{"taxonomy":"post_tag","embeddable":true,"href":"https:\/\/www2.comunitaria.com.br\/en\/wp-json\/wp\/v2\/tags?post=3939"}],"curies":[{"name":"wp","href":"https:\/\/api.w.org\/{rel}","templated":true}]}}