{"id":39375,"date":"2020-03-22T19:37:48","date_gmt":"2020-03-22T21:37:48","guid":{"rendered":"http:\/\/www2.comunitaria.com.br\/?p=39375"},"modified":"2020-03-22T19:37:49","modified_gmt":"2020-03-22T21:37:49","slug":"coronavirus-ufsm-busca-ampliar-producao-de-alcool-gel","status":"publish","type":"post","link":"https:\/\/www2.comunitaria.com.br\/en\/coronavirus-ufsm-busca-ampliar-producao-de-alcool-gel\/","title":{"rendered":"Coronav\u00edrus: UFSM busca ampliar produ\u00e7\u00e3o de \u00e1lcool gel"},"content":{"rendered":"<p class=\"wp-block-paragraph\">De forma extraordin\u00e1ria, setores da Universidade Federal de Santa Maria (UFSM) passar\u00e3o a produzir um dos itens mais importantes no combate ao coronav\u00edrus, o \u00e1lcool em gel. Dessa forma, a institui\u00e7\u00e3o pretende amenizar a falta do produto, pelo menos entre o p\u00fablico da universidade.<\/p>\n\n\n\n<p class=\"wp-block-paragraph\">Utilizando insumos que estavam em estoque, a Usina Piloto de Etanol do Col\u00e9gio Polit\u00e9cnico formou uma frente de trabalho para agilizar a produ\u00e7\u00e3o de \u00e1lcool gel. Na \u00faltima sexta-feira, 20, foram entregues cerca de 80 litros do produto para a Universidade. Dois servidores t\u00e9cnico-administrativos far\u00e3o este trabalho, juntamente com o professor respons\u00e1vel pela usina, Felipe Donato.<\/p>\n\n\n\n<p class=\"wp-block-paragraph\">Donato explica que a usina come\u00e7ou a produzir \u00e1lcool gel h\u00e1 alguns anos, a partir da transforma\u00e7\u00e3o de bebidas alco\u00f3licas apreendidas pela Receita Federal em etanol, que, ap\u00f3s processamento, d\u00e1 origem ao \u00e1lcool gel. At\u00e9 ent\u00e3o, a produ\u00e7\u00e3o era reduzida, destinada apenas para a Receita Federal e para uso interno do Polit\u00e9cnico, mas agora, dada a gravidade da situa\u00e7\u00e3o, a inten\u00e7\u00e3o \u00e9 ampliar.&nbsp;<\/p>\n\n\n\n<p class=\"wp-block-paragraph\">A Usina Piloto de Etanol tem capacidade de produ\u00e7\u00e3o di\u00e1ria de 100 litros. Mas o trabalho vai ficar comprometido nos pr\u00f3ximos dias, assim que os insumos acabarem, especialmente o pol\u00edmero carbopol, respons\u00e1vel por dar viscosidade ao produto. \u201cA inten\u00e7\u00e3o \u00e9 aumentar a produ\u00e7\u00e3o para suprir a demanda, mas para isso ser\u00e3o necess\u00e1rios mais insumos, estrutura f\u00edsica equipamentos, demandando recurso e tempo\u201d, afirma o professor.<\/p>\n\n\n\n<p class=\"wp-block-paragraph\">Embora seja uma produ\u00e7\u00e3o relativamente simples e r\u00e1pida \u2013 dependendo do pol\u00edmero utilizado, o processo leva de duas a quatro horas -, Donato ressalta que n\u00e3o se deve fazer \u00e1lcool gel em casa. \u201cUtilizamos subst\u00e2ncias qu\u00edmicas para fazer essa transforma\u00e7\u00e3o, e as pessoas n\u00e3o t\u00eam os equipamentos adequados para fazer estes processos em casa\u201d, enfatiza, lembrando ainda que, apesar de ser importante na preven\u00e7\u00e3o do coronav\u00edrus, o \u00e1lcool gel n\u00e3o \u00e9 t\u00e3o importante quanto outras medidas, como o isolamento e a higieniza\u00e7\u00e3o das m\u00e3os, principalmente.<\/p>\n\n\n\n<p class=\"wp-block-paragraph\"><strong>Farm\u00e1cia Escola do CCS<br>\u00a0<\/strong>Em outra frente de trabalho da UFSM no enfrentamento \u00e0 pandemia do covid-19, a Farm\u00e1cia Escola do Centro de Ci\u00eancias da Sa\u00fade (CCS) tamb\u00e9m vai contribuir com a produ\u00e7\u00e3o de \u00e1lcool gel para o Husm. O laborat\u00f3rio disp\u00f5e de insumos para a produ\u00e7\u00e3o imediata de cerca de 25 litros. O diretor do CCS, Jos\u00e9 Edson Paz da Silva, explica que a produ\u00e7\u00e3o de \u00e1lcool gel pela Farm\u00e1cia Escola tem um limite atual de cerca de 15 litros por dia, e a inten\u00e7\u00e3o, considerando a demanda do Husm, \u00e9 atingir este volume, com apoio de toda a equipe do laborat\u00f3rio.<br><br><\/p>\n\n\n\n<p class=\"wp-block-paragraph\">Gabinete do Reitor, dire\u00e7\u00e3o do CCS e do Polit\u00e9cnico estiveram reunidos no dia 19, para discutir um projeto que possibilite o aumento e a continuidade da produ\u00e7\u00e3o de \u00e1lcool gel tanto pela Usina Piloto de Etanol quanto pela Farm\u00e1cia Escola. A inten\u00e7\u00e3o \u00e9 que o governo federal libere verbas para a compra dos insumos e materiais necess\u00e1rios. \u201cTendo mat\u00e9ria-prima e embalagem, podemos produzir\u201d, afirma Jos\u00e9 Edson.<\/p>\n\n\n\n<p class=\"wp-block-paragraph\"><strong>Iniciativa atesta a import\u00e2ncia de investimentos p\u00fablicos<br><\/strong>A iniciativa da Usina Piloto de Etanol e da Farm\u00e1cia Escola na intensifica\u00e7\u00e3o da produ\u00e7\u00e3o de \u00e1lcool gel, num momento de falta do produto, refor\u00e7a a import\u00e2ncia de investimento nas universidades p\u00fablicas. Tanto a usina quanto o laborat\u00f3rio do CCS t\u00eam condi\u00e7\u00f5es de ampliar a produ\u00e7\u00e3o, contanto que tenham recursos para insumos e equipamentos necess\u00e1rios. No que depender dos servidores p\u00fablicos que atuam nestes setores, o trabalho est\u00e1 garantido.<\/p>\n\n\n\n<p class=\"wp-block-paragraph\">\u201cN\u00f3s, do Polit\u00e9cnico, servidores da UFSM, ficamos muito felizes por poder auxiliar neste momento de dificuldade\u201d, afirma Donato.<\/p>\n\n\n\n<p class=\"wp-block-paragraph\"><\/p>\n\n\n\n<p class=\"wp-block-paragraph\"><em>*Editado com informa\u00e7\u00f5es da Ag\u00eancia de Not\u00edcias da UFSM<\/em><br><em>*Foto: Rafael Happke\/NDI\/Pr\u00f3-Reitoria de Extens\u00e3o<\/em><\/p>","protected":false},"excerpt":{"rendered":"<p>De forma extraordin\u00e1ria, setores da Universidade Federal de Santa Maria (UFSM) passar\u00e3o a produzir um dos itens mais importantes no combate ao coronav\u00edrus, o \u00e1lcool em gel. Dessa forma, a&#8230;<\/p>","protected":false},"author":2,"featured_media":39376,"comment_status":"open","ping_status":"closed","sticky":false,"template":"","format":"standard","meta":{"ngg_post_thumbnail":0,"footnotes":""},"categories":[44,42,33,37],"tags":[4567],"class_list":["post-39375","post","type-post","status-publish","format-standard","has-post-thumbnail","hentry","category-educacao","category-fred-west","category-noticias","category-saude","tag-coronavirus"],"amp_enabled":true,"_links":{"self":[{"href":"https:\/\/www2.comunitaria.com.br\/en\/wp-json\/wp\/v2\/posts\/39375","targetHints":{"allow":["GET"]}}],"collection":[{"href":"https:\/\/www2.comunitaria.com.br\/en\/wp-json\/wp\/v2\/posts"}],"about":[{"href":"https:\/\/www2.comunitaria.com.br\/en\/wp-json\/wp\/v2\/types\/post"}],"author":[{"embeddable":true,"href":"https:\/\/www2.comunitaria.com.br\/en\/wp-json\/wp\/v2\/users\/2"}],"replies":[{"embeddable":true,"href":"https:\/\/www2.comunitaria.com.br\/en\/wp-json\/wp\/v2\/comments?post=39375"}],"version-history":[{"count":0,"href":"https:\/\/www2.comunitaria.com.br\/en\/wp-json\/wp\/v2\/posts\/39375\/revisions"}],"wp:featuredmedia":[{"embeddable":true,"href":"https:\/\/www2.comunitaria.com.br\/en\/wp-json\/wp\/v2\/media\/39376"}],"wp:attachment":[{"href":"https:\/\/www2.comunitaria.com.br\/en\/wp-json\/wp\/v2\/media?parent=39375"}],"wp:term":[{"taxonomy":"category","embeddable":true,"href":"https:\/\/www2.comunitaria.com.br\/en\/wp-json\/wp\/v2\/categories?post=39375"},{"taxonomy":"post_tag","embeddable":true,"href":"https:\/\/www2.comunitaria.com.br\/en\/wp-json\/wp\/v2\/tags?post=39375"}],"curies":[{"name":"wp","href":"https:\/\/api.w.org\/{rel}","templated":true}]}}