{"id":39371,"date":"2020-03-22T14:08:57","date_gmt":"2020-03-22T16:08:57","guid":{"rendered":"http:\/\/www2.comunitaria.com.br\/?p=39371"},"modified":"2020-03-22T14:08:58","modified_gmt":"2020-03-22T16:08:58","slug":"em-meio-a-crise-70-profissionais-da-saude-pedem-afastamento-do-servico-em-passo-fundo","status":"publish","type":"post","link":"https:\/\/www2.comunitaria.com.br\/en\/em-meio-a-crise-70-profissionais-da-saude-pedem-afastamento-do-servico-em-passo-fundo\/","title":{"rendered":"Em meio \u00e0 crise, 70 profissionais da sa\u00fade pedem afastamento do servi\u00e7o em Passo Fundo"},"content":{"rendered":"<p>Cerca de 70 profissionais da sa\u00fade se afastaram de seus trabalhos na cidade de Passo Fundo no Rio Grande do Sul.<\/p>\n\n\n\n<p>A informa\u00e7\u00e3o foi divulgada neste s\u00e1bado, 21, pelo prefeito municipal, Luciano Azevedo.<\/p>\n\n\n\n<p>O prefeito da cidade de mais de 200mil habitantes disse que cerca de 30 m\u00e9dicos se afastaram do servi\u00e7o nos \u00faltimos dias, juntamente com outros 40 outros profissionais da sa\u00fade.<\/p>\n\n\n\n<p>&#8211; \u00c9 importante que a popula\u00e7\u00e3o saiba que j\u00e1 perdemos 70 profissionais da sa\u00fade. A prefeitura est\u00e1 em busca de profissionais que estejam dispostos a enfrentar a crise do coronav\u00edrus que atinge o planeta. &#8211; N\u00e3o vamos abandonar a popula\u00e7\u00e3o, mas dependemos da boa vontade dos profissionais de sa\u00fade, precisamos de ajuda volunt\u00e1ria ou profissional da regi\u00e3o, disse o prefeito.<\/p>\n\n\n\n<p>At\u00e9 a sexta-feira, 20, Passo Fundo possu\u00eda seis casos suspeitos de coronav\u00edrus. No boletim divulgado quinta-feira (19), haviam tr\u00eas casos suspeitos.<\/p>\n\n\n\n<p>Confira entrevista do prefeito Luciano para a r\u00e1dio Uirapuru:<\/p>\n\n\n\n<figure class=\"wp-block-audio\"><audio controls src=\"http:\/\/www2.comunitaria.com.br\/wp-content\/uploads\/2020\/03\/ccbfc0704e3a570c2e7260e2fb78b9e3.mp3\"><\/audio><\/figure>","protected":false},"excerpt":{"rendered":"<p>Cerca de 70 profissionais da sa\u00fade se afastaram de seus trabalhos na cidade de Passo Fundo no Rio Grande do Sul. A informa\u00e7\u00e3o foi divulgada neste s\u00e1bado, 21, pelo prefeito municipal, Luciano Azevedo. O prefeito da cidade de mais de 200mil habitantes disse que cerca de 30 m\u00e9dicos se afastaram do servi\u00e7o nos \u00faltimos dias,<\/p>\n<div class=\"read-more-wrapper\"><a class=\"read-more\" href=\"https:\/\/www2.comunitaria.com.br\/en\/em-meio-a-crise-70-profissionais-da-saude-pedem-afastamento-do-servico-em-passo-fundo\/\" title=\"Read More\"> <span class=\"button\">Read More<\/span><\/a><\/div>","protected":false},"author":2,"featured_media":39373,"comment_status":"open","ping_status":"closed","sticky":false,"template":"","format":"standard","meta":{"ngg_post_thumbnail":0,"footnotes":""},"categories":[33],"tags":[],"class_list":["post-39371","post","type-post","status-publish","format-standard","has-post-thumbnail","hentry","category-noticias"],"amp_enabled":true,"_links":{"self":[{"href":"https:\/\/www2.comunitaria.com.br\/en\/wp-json\/wp\/v2\/posts\/39371","targetHints":{"allow":["GET"]}}],"collection":[{"href":"https:\/\/www2.comunitaria.com.br\/en\/wp-json\/wp\/v2\/posts"}],"about":[{"href":"https:\/\/www2.comunitaria.com.br\/en\/wp-json\/wp\/v2\/types\/post"}],"author":[{"embeddable":true,"href":"https:\/\/www2.comunitaria.com.br\/en\/wp-json\/wp\/v2\/users\/2"}],"replies":[{"embeddable":true,"href":"https:\/\/www2.comunitaria.com.br\/en\/wp-json\/wp\/v2\/comments?post=39371"}],"version-history":[{"count":0,"href":"https:\/\/www2.comunitaria.com.br\/en\/wp-json\/wp\/v2\/posts\/39371\/revisions"}],"wp:featuredmedia":[{"embeddable":true,"href":"https:\/\/www2.comunitaria.com.br\/en\/wp-json\/wp\/v2\/media\/39373"}],"wp:attachment":[{"href":"https:\/\/www2.comunitaria.com.br\/en\/wp-json\/wp\/v2\/media?parent=39371"}],"wp:term":[{"taxonomy":"category","embeddable":true,"href":"https:\/\/www2.comunitaria.com.br\/en\/wp-json\/wp\/v2\/categories?post=39371"},{"taxonomy":"post_tag","embeddable":true,"href":"https:\/\/www2.comunitaria.com.br\/en\/wp-json\/wp\/v2\/tags?post=39371"}],"curies":[{"name":"wp","href":"https:\/\/api.w.org\/{rel}","templated":true}]}}