{"id":39344,"date":"2020-03-20T15:12:42","date_gmt":"2020-03-20T17:12:42","guid":{"rendered":"http:\/\/www2.comunitaria.com.br\/?p=39344"},"modified":"2020-03-20T15:12:52","modified_gmt":"2020-03-20T17:12:52","slug":"municipio-cria-gabinete-de-prevencao-e-enfrentamento-ao-coronavirus","status":"publish","type":"post","link":"https:\/\/www2.comunitaria.com.br\/en\/municipio-cria-gabinete-de-prevencao-e-enfrentamento-ao-coronavirus\/","title":{"rendered":"Munic\u00edpio cria Gabinete de Preven\u00e7\u00e3o e Enfrentamento ao Coronav\u00edrus"},"content":{"rendered":"<p style=\"text-align: justify;\"><em>Objetivo \u00e9 discutir a\u00e7\u00f5es e divulgar dados com m\u00e1xima transpar\u00eancia \u00e0 comunidade<\/em><\/p>\n<p style=\"text-align: justify;\">Por meio da Portaria n\u00ba 139, assinada nesta quinta-feira, 19 de mar\u00e7o, a Administra\u00e7\u00e3o Municipal de Frederico Westphalen criou o Gabinete Municipal de Preven\u00e7\u00e3o e Enfrentamento ao Coronav\u00edrus (GMPEC). O objetivo \u00e9 estabelecer e divulgar a\u00e7\u00f5es de preven\u00e7\u00e3o e evitar a dissemina\u00e7\u00e3o do v\u00edrus no munic\u00edpio.<\/p>\n<p style=\"text-align: justify;\">Os integrantes do GMPEC se re\u00fanem diariamente, em conjunto com a Secretaria de Sa\u00fade, para avaliar e organizar a\u00e7\u00f5es do Plano de Enfrentamento e Conting\u00eancia ao Coronav\u00edrus, que dever\u00e1 ser apresentado nos pr\u00f3ximos dias. Al\u00e9m disso, divulga dados sobre o combate ao v\u00edrus no munic\u00edpio.<\/p>\n<p style=\"text-align: justify;\">Para a comunidade esclarecer d\u00favidas, o GMPEC disponibiliza o n\u00famero de celular com WhatsApp (55) 9.9903-4836.<\/p>\n<p style=\"text-align: justify;\">&nbsp;<\/p>\n<p style=\"text-align: justify;\"><strong>Comp\u00f5em o GMPEC<\/strong><\/p>\n<p style=\"text-align: justify;\">Presidente: Jos\u00e9 Alberto Panosso<\/p>\n<p style=\"text-align: justify;\">Vice-prefeito, Diogo Jos\u00e9 Duarte<\/p>\n<p style=\"text-align: justify;\">Secret\u00e1ria da Sa\u00fade, Lea Tomschke<\/p>\n<p style=\"text-align: justify;\">Secret\u00e1ria da Administra\u00e7\u00e3o, Marizete Lourdes Frozzi<\/p>\n<p style=\"text-align: justify;\">Secret\u00e1ria da Fazenda, Simone Duarti da Silva<\/p>\n<p style=\"text-align: justify;\">Secret\u00e1ria da Assist\u00eancia Social e Habita\u00e7\u00e3o, Carla Veronese<\/p>\n<p style=\"text-align: justify;\">Secret\u00e1rio de Ind\u00fastria, Com\u00e9rcio e Turismo, Alessandro Molossi<\/p>\n<p style=\"text-align: justify;\">Assessor jur\u00eddico, Jonathan Carvalho<\/p>\n<p style=\"text-align: justify;\">Secret\u00e1rio de Coordena\u00e7\u00e3o e Planejamento, Lucas Aguiar<\/p>\n<p style=\"text-align: justify;\">Chefe do Setor de Compras, Edson Borba<\/p>\n<p style=\"text-align: justify;\">Assessor de imprensa, Andr\u00e9 Piovesan<\/p>\n<p style=\"text-align: justify;\">&nbsp;<\/p>\n<p style=\"text-align: justify;\"><em>*Ascom\/Prefeitura de Frederico Westphalen<\/em><\/p>","protected":false},"excerpt":{"rendered":"<p>Objetivo \u00e9 discutir a\u00e7\u00f5es e divulgar dados com m\u00e1xima transpar\u00eancia \u00e0 comunidade Por meio da Portaria n\u00ba 139, assinada nesta quinta-feira, 19 de mar\u00e7o, a Administra\u00e7\u00e3o Municipal de Frederico Westphalen criou o Gabinete Municipal de Preven\u00e7\u00e3o e Enfrentamento ao Coronav\u00edrus (GMPEC). O objetivo \u00e9 estabelecer e divulgar a\u00e7\u00f5es de preven\u00e7\u00e3o e evitar a dissemina\u00e7\u00e3o do<\/p>\n<div class=\"read-more-wrapper\"><a class=\"read-more\" href=\"https:\/\/www2.comunitaria.com.br\/en\/municipio-cria-gabinete-de-prevencao-e-enfrentamento-ao-coronavirus\/\" title=\"Read More\"> <span class=\"button\">Read More<\/span><\/a><\/div>","protected":false},"author":2,"featured_media":39345,"comment_status":"open","ping_status":"closed","sticky":false,"template":"","format":"standard","meta":{"ngg_post_thumbnail":0,"footnotes":""},"categories":[42,33],"tags":[4567],"class_list":["post-39344","post","type-post","status-publish","format-standard","has-post-thumbnail","hentry","category-fred-west","category-noticias","tag-coronavirus"],"amp_enabled":true,"_links":{"self":[{"href":"https:\/\/www2.comunitaria.com.br\/en\/wp-json\/wp\/v2\/posts\/39344","targetHints":{"allow":["GET"]}}],"collection":[{"href":"https:\/\/www2.comunitaria.com.br\/en\/wp-json\/wp\/v2\/posts"}],"about":[{"href":"https:\/\/www2.comunitaria.com.br\/en\/wp-json\/wp\/v2\/types\/post"}],"author":[{"embeddable":true,"href":"https:\/\/www2.comunitaria.com.br\/en\/wp-json\/wp\/v2\/users\/2"}],"replies":[{"embeddable":true,"href":"https:\/\/www2.comunitaria.com.br\/en\/wp-json\/wp\/v2\/comments?post=39344"}],"version-history":[{"count":0,"href":"https:\/\/www2.comunitaria.com.br\/en\/wp-json\/wp\/v2\/posts\/39344\/revisions"}],"wp:featuredmedia":[{"embeddable":true,"href":"https:\/\/www2.comunitaria.com.br\/en\/wp-json\/wp\/v2\/media\/39345"}],"wp:attachment":[{"href":"https:\/\/www2.comunitaria.com.br\/en\/wp-json\/wp\/v2\/media?parent=39344"}],"wp:term":[{"taxonomy":"category","embeddable":true,"href":"https:\/\/www2.comunitaria.com.br\/en\/wp-json\/wp\/v2\/categories?post=39344"},{"taxonomy":"post_tag","embeddable":true,"href":"https:\/\/www2.comunitaria.com.br\/en\/wp-json\/wp\/v2\/tags?post=39344"}],"curies":[{"name":"wp","href":"https:\/\/api.w.org\/{rel}","templated":true}]}}