{"id":39239,"date":"2020-03-16T16:16:56","date_gmt":"2020-03-16T18:16:56","guid":{"rendered":"http:\/\/www2.comunitaria.com.br\/?p=39239"},"modified":"2020-03-16T16:17:12","modified_gmt":"2020-03-16T18:17:12","slug":"campeonato-gaucho-e-divisao-de-acesso-estao-suspensos-por-15-dias","status":"publish","type":"post","link":"https:\/\/www2.comunitaria.com.br\/en\/campeonato-gaucho-e-divisao-de-acesso-estao-suspensos-por-15-dias\/","title":{"rendered":"Campeonato Ga\u00facho e Divis\u00e3o de Acesso s\u00e3o suspensos por 15 dias"},"content":{"rendered":"<p style=\"text-align: justify;\">A Federa\u00e7\u00e3o Ga\u00facha de Futebol ( FGF) determinou a suspens\u00e3o tempor\u00e1ria do&nbsp;<b>Gauch\u00e3o <\/b>&nbsp;e da&nbsp;<b>Divis\u00e3o de Acesso<\/b>. A decis\u00e3o \u00e9 v\u00e1lida pelo prazo de 15 dias e entra em vigor na data de hoje. A medida tem car\u00e1ter preventivo e visa combater a propaga\u00e7\u00e3o do COVID-19 (coronav\u00edrus) no Rio Grande do Sul.<\/p>\n<p style=\"text-align: justify;\">A Decis\u00e3o foi tomada ap\u00f3s reuni\u00e3o entre entidade e representantes dos times envolvidos nas duas competi\u00e7\u00f5es. A FGF tamb\u00e9m &nbsp;anunciou a cria\u00e7\u00e3o de um gabinete de crise para monitorar, em tempo integral, o avan\u00e7o dos casos da doen\u00e7a no Estado. A data de retomada das competi\u00e7\u00f5es estar\u00e1 condicionada \u00e0s orienta\u00e7\u00f5es governamentais a serem expedidas em mat\u00e9ria de Sa\u00fade P\u00fablica.<\/p>\n<p>O presidente da Federa\u00e7\u00e3o, Luciano Hocsman n\u00e3o descartou o cancelamento do campeonato ga\u00facho:&nbsp;&#8220;N\u00e3o se pode descartar isso porque n\u00e3o sabemos como estar\u00e1 a situa\u00e7\u00e3o nos pr\u00f3ximos dias, se melhor ou pior. N\u00e3o sabemos se teremos datas. Na parte da Divis\u00e3o de Acesso n\u00f3s ter\u00edamos como agilizar os jogos&#8221;, ponderou.<\/p>\n<p>At\u00e9 o momento tr\u00eas rodadas foram disputadas pela Divis\u00e3o de Acesso nesta temporada, enquanto que, o Campeonato Ga\u00facho est\u00e1 na quarta rodada do seu segundo turno.&nbsp;&nbsp;<\/p>\n<p>&nbsp;<\/p>\n<p>&nbsp;<\/p>\n<p><em>Foto: Alina Souza<\/em><\/p>","protected":false},"excerpt":{"rendered":"<p>A Federa\u00e7\u00e3o Ga\u00facha de Futebol ( FGF) determinou a suspens\u00e3o tempor\u00e1ria do&nbsp;Gauch\u00e3o &nbsp;e da&nbsp;Divis\u00e3o de Acesso. A decis\u00e3o \u00e9 v\u00e1lida pelo prazo de 15 dias e entra em vigor na&#8230;<\/p>","protected":false},"author":2,"featured_media":39240,"comment_status":"open","ping_status":"closed","sticky":false,"template":"","format":"standard","meta":{"ngg_post_thumbnail":0,"footnotes":""},"categories":[28,33],"tags":[],"class_list":["post-39239","post","type-post","status-publish","format-standard","has-post-thumbnail","hentry","category-destaque","category-noticias"],"amp_enabled":true,"_links":{"self":[{"href":"https:\/\/www2.comunitaria.com.br\/en\/wp-json\/wp\/v2\/posts\/39239","targetHints":{"allow":["GET"]}}],"collection":[{"href":"https:\/\/www2.comunitaria.com.br\/en\/wp-json\/wp\/v2\/posts"}],"about":[{"href":"https:\/\/www2.comunitaria.com.br\/en\/wp-json\/wp\/v2\/types\/post"}],"author":[{"embeddable":true,"href":"https:\/\/www2.comunitaria.com.br\/en\/wp-json\/wp\/v2\/users\/2"}],"replies":[{"embeddable":true,"href":"https:\/\/www2.comunitaria.com.br\/en\/wp-json\/wp\/v2\/comments?post=39239"}],"version-history":[{"count":0,"href":"https:\/\/www2.comunitaria.com.br\/en\/wp-json\/wp\/v2\/posts\/39239\/revisions"}],"wp:featuredmedia":[{"embeddable":true,"href":"https:\/\/www2.comunitaria.com.br\/en\/wp-json\/wp\/v2\/media\/39240"}],"wp:attachment":[{"href":"https:\/\/www2.comunitaria.com.br\/en\/wp-json\/wp\/v2\/media?parent=39239"}],"wp:term":[{"taxonomy":"category","embeddable":true,"href":"https:\/\/www2.comunitaria.com.br\/en\/wp-json\/wp\/v2\/categories?post=39239"},{"taxonomy":"post_tag","embeddable":true,"href":"https:\/\/www2.comunitaria.com.br\/en\/wp-json\/wp\/v2\/tags?post=39239"}],"curies":[{"name":"wp","href":"https:\/\/api.w.org\/{rel}","templated":true}]}}