{"id":39237,"date":"2020-03-16T14:31:03","date_gmt":"2020-03-16T16:31:03","guid":{"rendered":"http:\/\/www2.comunitaria.com.br\/?p=39237"},"modified":"2020-03-16T14:31:04","modified_gmt":"2020-03-16T16:31:04","slug":"coronavirus-iffar-suspende-atividades-por-tres-semanas","status":"publish","type":"post","link":"https:\/\/www2.comunitaria.com.br\/en\/coronavirus-iffar-suspende-atividades-por-tres-semanas\/","title":{"rendered":"Coronav\u00edrus: IFFar suspende atividades por tr\u00eas semanas"},"content":{"rendered":"<p style=\"text-align: justify;\">O Instituto Federal Farroupilha divulgou nesta segunda-feira, 16, que ir\u00e1 suspender todas as atividades presenciais por tr\u00eas semanas. &nbsp;A decis\u00e3o, tomada durante a primeira reuni\u00e3o ordin\u00e1ria do Col\u00e9gio de Dirigentes,&nbsp; foi baseada nos \u00faltimos dados relacionados \u00e0 pandemia de Covid-19 e os poss\u00edveis impactos na comunidade acad\u00eamica.<\/p>\n<p style=\"text-align: justify;\">A institui\u00e7\u00e3o afirmou, por meio de nota, que as atividades acad\u00eamicas e administrativas ser\u00e3o mantidas remotamente. Al\u00e9m disso, tamb\u00e9m repassou recomenda\u00e7\u00f5es de preven\u00e7\u00e3o:<\/p>\n<ul>\n<li style=\"text-align: justify;\">Evite aglomera\u00e7\u00f5es<\/li>\n<li style=\"text-align: justify;\">Lave as m\u00e3os com \u00e1gua e sab\u00e3o ou use o \u00e1lcool em gel (70%)<\/li>\n<li style=\"text-align: justify;\">Realize a limpeza e a desinfec\u00e7\u00e3o de superf\u00edcies<\/li>\n<li style=\"text-align: justify;\">N\u00e3o compartilhe objetos pessoais como copos, talheres, garrafas e chimarr\u00e3o<\/li>\n<li style=\"text-align: justify;\">Mantenha os ambientes bem ventilados<\/li>\n<li style=\"text-align: justify;\">N\u00e3o toque a regi\u00e3o dos olhos, nariz e boca antes de higienizar as m\u00e3os<\/li>\n<li style=\"text-align: justify;\">Cubra o nariz e a boca ao espirrar ou tossir<\/li>\n<li style=\"text-align: justify;\">Mantenha-se hidratado(a)<\/li>\n<\/ul>","protected":false},"excerpt":{"rendered":"<p>O Instituto Federal Farroupilha divulgou nesta segunda-feira, 16, que ir\u00e1 suspender todas as atividades presenciais por tr\u00eas semanas. &nbsp;A decis\u00e3o, tomada durante a primeira reuni\u00e3o ordin\u00e1ria do Col\u00e9gio de Dirigentes,&nbsp;&#8230;<\/p>","protected":false},"author":2,"featured_media":33721,"comment_status":"open","ping_status":"closed","sticky":false,"template":"","format":"standard","meta":{"ngg_post_thumbnail":0,"footnotes":""},"categories":[44,42,33,37],"tags":[4567,3226],"class_list":["post-39237","post","type-post","status-publish","format-standard","has-post-thumbnail","hentry","category-educacao","category-fred-west","category-noticias","category-saude","tag-coronavirus","tag-iffar"],"amp_enabled":true,"_links":{"self":[{"href":"https:\/\/www2.comunitaria.com.br\/en\/wp-json\/wp\/v2\/posts\/39237","targetHints":{"allow":["GET"]}}],"collection":[{"href":"https:\/\/www2.comunitaria.com.br\/en\/wp-json\/wp\/v2\/posts"}],"about":[{"href":"https:\/\/www2.comunitaria.com.br\/en\/wp-json\/wp\/v2\/types\/post"}],"author":[{"embeddable":true,"href":"https:\/\/www2.comunitaria.com.br\/en\/wp-json\/wp\/v2\/users\/2"}],"replies":[{"embeddable":true,"href":"https:\/\/www2.comunitaria.com.br\/en\/wp-json\/wp\/v2\/comments?post=39237"}],"version-history":[{"count":0,"href":"https:\/\/www2.comunitaria.com.br\/en\/wp-json\/wp\/v2\/posts\/39237\/revisions"}],"wp:featuredmedia":[{"embeddable":true,"href":"https:\/\/www2.comunitaria.com.br\/en\/wp-json\/wp\/v2\/media\/33721"}],"wp:attachment":[{"href":"https:\/\/www2.comunitaria.com.br\/en\/wp-json\/wp\/v2\/media?parent=39237"}],"wp:term":[{"taxonomy":"category","embeddable":true,"href":"https:\/\/www2.comunitaria.com.br\/en\/wp-json\/wp\/v2\/categories?post=39237"},{"taxonomy":"post_tag","embeddable":true,"href":"https:\/\/www2.comunitaria.com.br\/en\/wp-json\/wp\/v2\/tags?post=39237"}],"curies":[{"name":"wp","href":"https:\/\/api.w.org\/{rel}","templated":true}]}}