{"id":39184,"date":"2020-03-11T17:56:24","date_gmt":"2020-03-11T19:56:24","guid":{"rendered":"http:\/\/www2.comunitaria.com.br\/?p=39184"},"modified":"2020-03-11T17:56:24","modified_gmt":"2020-03-11T19:56:24","slug":"seguranca-publica-e-tema-de-reuniao-na-acifw","status":"publish","type":"post","link":"https:\/\/www2.comunitaria.com.br\/en\/seguranca-publica-e-tema-de-reuniao-na-acifw\/","title":{"rendered":"Seguran\u00e7a p\u00fablica \u00e9 tema de reuni\u00e3o na ACIFW"},"content":{"rendered":"<p style=\"text-align: justify;\"><em>Diretoria recebeu o comandante do 37\u00ba BPM para discutir parceria na resolu\u00e7\u00e3o de demandas do munic\u00edpio<\/em><\/p>\n<p style=\"text-align: justify;\">A diretoria da ACIFW recebeu na manh\u00e3 desta quarta-feira, 11, o comandante do 37\u00ba Batalh\u00e3o da Pol\u00edcia Militar, major Carlos Alberto Aguiar, e a diretoria da C\u00e2mara de Dirigentes Lojistas de FW para uma reuni\u00e3o. O encontro foi organizado com o objetivo de fortalecer a parceria entre institui\u00e7\u00f5es, focada nas demandas da seguran\u00e7a p\u00fablica e que envolve a preocupa\u00e7\u00e3o com os assaltos ao com\u00e9rcio local e a conscientiza\u00e7\u00e3o da popula\u00e7\u00e3o no combate \u00e0s drogas, por exemplo.<\/p>\n<p style=\"text-align: justify;\">Dentre as a\u00e7\u00f5es poss\u00edveis de parceria, foram sugeridas iniciativas como campanhas de preven\u00e7\u00e3o e conscientiza\u00e7\u00e3o, estrat\u00e9gias de aproxima\u00e7\u00e3o de empresas e patrulhas t\u00e1ticas e a busca pela viabiliza\u00e7\u00e3o de infraestrutura que descentralize e amplifique o policiamento no munic\u00edpio. A Associa\u00e7\u00e3o, como entidade representativa, tamb\u00e9m compartilha o interesse em colaborar com a Brigada Militar no fortalecimento da seguran\u00e7a, preserva\u00e7\u00e3o de bens p\u00fablicos, e demais quest\u00f5es que estejam ao alcance do grupo.<\/p>\n<p>&nbsp;<\/p>\n<p><em>*Ascom ACIFW<\/em><\/p>","protected":false},"excerpt":{"rendered":"<p>Diretoria recebeu o comandante do 37\u00ba BPM para discutir parceria na resolu\u00e7\u00e3o de demandas do munic\u00edpio A diretoria da ACIFW recebeu na manh\u00e3 desta quarta-feira, 11, o comandante do 37\u00ba&#8230;<\/p>","protected":false},"author":2,"featured_media":39185,"comment_status":"open","ping_status":"closed","sticky":false,"template":"","format":"standard","meta":{"ngg_post_thumbnail":0,"footnotes":""},"categories":[42,33],"tags":[4475,78],"class_list":["post-39184","post","type-post","status-publish","format-standard","has-post-thumbnail","hentry","category-fred-west","category-noticias","tag-expofred-2020","tag-seguranca"],"amp_enabled":true,"_links":{"self":[{"href":"https:\/\/www2.comunitaria.com.br\/en\/wp-json\/wp\/v2\/posts\/39184","targetHints":{"allow":["GET"]}}],"collection":[{"href":"https:\/\/www2.comunitaria.com.br\/en\/wp-json\/wp\/v2\/posts"}],"about":[{"href":"https:\/\/www2.comunitaria.com.br\/en\/wp-json\/wp\/v2\/types\/post"}],"author":[{"embeddable":true,"href":"https:\/\/www2.comunitaria.com.br\/en\/wp-json\/wp\/v2\/users\/2"}],"replies":[{"embeddable":true,"href":"https:\/\/www2.comunitaria.com.br\/en\/wp-json\/wp\/v2\/comments?post=39184"}],"version-history":[{"count":0,"href":"https:\/\/www2.comunitaria.com.br\/en\/wp-json\/wp\/v2\/posts\/39184\/revisions"}],"wp:featuredmedia":[{"embeddable":true,"href":"https:\/\/www2.comunitaria.com.br\/en\/wp-json\/wp\/v2\/media\/39185"}],"wp:attachment":[{"href":"https:\/\/www2.comunitaria.com.br\/en\/wp-json\/wp\/v2\/media?parent=39184"}],"wp:term":[{"taxonomy":"category","embeddable":true,"href":"https:\/\/www2.comunitaria.com.br\/en\/wp-json\/wp\/v2\/categories?post=39184"},{"taxonomy":"post_tag","embeddable":true,"href":"https:\/\/www2.comunitaria.com.br\/en\/wp-json\/wp\/v2\/tags?post=39184"}],"curies":[{"name":"wp","href":"https:\/\/api.w.org\/{rel}","templated":true}]}}