{"id":39172,"date":"2020-03-11T14:34:18","date_gmt":"2020-03-11T16:34:18","guid":{"rendered":"http:\/\/www2.comunitaria.com.br\/?p=39172"},"modified":"2020-03-11T14:34:18","modified_gmt":"2020-03-11T16:34:18","slug":"camara-de-vereadores-promove-campanha-para-incentivar-economia-de-agua","status":"publish","type":"post","link":"https:\/\/www2.comunitaria.com.br\/en\/camara-de-vereadores-promove-campanha-para-incentivar-economia-de-agua\/","title":{"rendered":"C\u00e2mara de Vereadores promove campanha para incentivar economia de \u00e1gua"},"content":{"rendered":"<div id=\"parent-fieldname-description\" class=\"documentDescription\" style=\"text-align: justify;\"><em>Iniciativa foi apresentada na noite dessa ter\u00e7a-feira, 10, durante sess\u00e3o ordin\u00e1ria<\/em><\/div>\n<div id=\"content-core\">\n<div id=\"parent-fieldname-text\" class=\"plain\">\n<p style=\"text-align: justify;\">&nbsp;\u201cAt\u00e9 a \u00faltima gota. Economize.\u201d Esse \u00e9 o slogan da campanha apresentada nessa ter\u00e7a-feira, 10, pela C\u00e2mara de Vereadores de Frederico Westphalen, para conscientizar a popula\u00e7\u00e3o do munic\u00edpio sobre a necessidade de economizar \u00e1gua. A iniciativa conta com o apoio da Prefeitura de Frederico Westphalen \u2013 por meio da Secretaria do Meio Ambiente, Corsan, URI-FW e Creluz.<\/p>\n<p style=\"text-align: justify;\">O lan\u00e7amento da campanha ocorreu durante a Sess\u00e3o Ordin\u00e1ria, que foi interrompida para a manifesta\u00e7\u00e3o do gerente da unidade da Corsan de Frederico Westphalen, Daniel Piovesan. Conforme o gestor da companhia, o abastecimento de \u00e1gua na cidade encontra-se em estado cr\u00edtico, inclusive j\u00e1 tendo ocorrido a interrup\u00e7\u00e3o do servi\u00e7o em alguns per\u00edodos.<\/p>\n<p style=\"text-align: justify;\">Segundo Piovesan, devido \u00e0 forte estiagem, o rio Pardo est\u00e1 praticamente seco, sendo necess\u00e1rio bombear \u00e1gua do rio Fortaleza 24 horas por dia.<\/p>\n<p style=\"text-align: justify;\">\u2013 Desde 1997, quando foi feito o recalque do rio Fortaleza, ele nunca foi utilizado dessa forma, nunca teve tanta demanda por \u00e1gua como a gente tem nesse per\u00edodo aqui, destacou o gerente da companhia.<\/p>\n<p style=\"text-align: justify;\">Como a previs\u00e3o continua indicando chuva abaixo da m\u00e9dia para as pr\u00f3ximas semanas, Piovesan alertou que n\u00e3o est\u00e1 descartada a possibilidade de racionamento\u201d no munic\u00edpio de Frederico Westphalen. Para evitar que essa medida de urg\u00eancia seja adotada, o gerente ressalta a necessidade de contribui\u00e7\u00e3o da popula\u00e7\u00e3o com medidas simples de economia de \u00e1gua, que podem ser adotadas no dia a dia como evitar lavar o carro ou cal\u00e7adas nesse per\u00edodo, entre outras a\u00e7\u00f5es.<\/p>\n<p style=\"text-align: justify;\">De acordo com o presidente da C\u00e2mara de Vereadores, Jo\u00e3o Francisco Vendruscolo, a iniciativa de propor a campanha surgiu a partir dos pedidos da pr\u00f3pria comunidade e tamb\u00e9m da situa\u00e7\u00e3o de estiagem que ocasionou a queda na vaz\u00e3o n\u00e3o apenas nos rios que abastecem a cidade, como tamb\u00e9m dos po\u00e7os artesianos que atendem a comunidades do interior.<\/p>\n<p style=\"text-align: justify;\">\u2013 Muitas pessoas nos ligam com a falta de \u00e1gua e estamos aqui para atender a nossa popula\u00e7\u00e3o, ent\u00e3o nada mais justo que lan\u00e7armos uma campanha para que todos possamos fazer a nossa parte; agrade\u00e7o a compreens\u00e3o dos vereadores, que a gente possa usar da nossa imagem, das nossas redes sociais, dos nossos meios de comunica\u00e7\u00e3o para influenciar as pessoas; eu penso que assim podemos fazer um esfor\u00e7o coletivo para ter um resultado melhor, enfatizou Vendruscolo.<\/p>\n<p style=\"text-align: justify;\">A campanha ser\u00e1 realizada at\u00e9 22 de mar\u00e7o, considerado o Dia Mundial da \u00c1gua. No dia anterior, em 21 de mar\u00e7o, ocorre o Dia D, na Pra\u00e7a da Matriz, com diversas a\u00e7\u00f5es voltadas \u00e0 conscientiza\u00e7\u00e3o.<\/p>\n<p style=\"text-align: justify;\"><strong>Aprovada manuten\u00e7\u00e3o de 11 vereadores<br \/>\n<\/strong>Ap\u00f3s o lan\u00e7amento da campanha,&nbsp; a Sess\u00e3o Ordin\u00e1ria foi retomada com a aprecia\u00e7\u00e3o da Proposta de Emenda \u00e0 Lei Org\u00e2nica do Munic\u00edpio que fixa o n\u00famero de 11 cadeiras para composi\u00e7\u00e3o da C\u00e2mara Municipal. A mat\u00e9ria de iniciativa do presidente Jo\u00e3o Francisco Vendruscolo, assinada por todos os vereadores, foi aprovada, em primeiro turno, por unanimidade.<\/p>\n<p style=\"text-align: justify;\">De acordo com o presidente Jo\u00e3o Vendruscolo, mesmo que a legisla\u00e7\u00e3o federal permita a altera\u00e7\u00e3o, a responsabilidade na gest\u00e3o dos recursos p\u00fablicos foi um dos aspectos que motivaram a proposi\u00e7\u00e3o. Outros dois fatores considerados para chegar-se \u00e0 Proposta de Emenda \u00e0 Lei Org\u00e2nica do Munic\u00edpio foram o apelo popular e a necessidade de ajuste da reda\u00e7\u00e3o do artigo que deixava margem para subjetividade, conforme enfatizado na justificativa da proposta. Segundo Vendruscolo, as manifesta\u00e7\u00f5es que chegaram at\u00e9 o Legislativo s\u00e3o suficientes para concluir que a popula\u00e7\u00e3o n\u00e3o deseja o acr\u00e9scimo de mais dois vereadores no munic\u00edpio.<\/p>\n<p style=\"text-align: justify;\"><strong>Recursos para agroind\u00fastrias<br \/>\n<\/strong>Al\u00e9m da Sess\u00e3o Ordin\u00e1ria, os vereadores frederiquenses tamb\u00e9m participaram, nesta ter\u00e7a-feira, de Sess\u00e3o Extraordin\u00e1ria para aprecia\u00e7\u00e3o do Projeto de Lei N\u00ba 009\/ 2020, de autoria do Executivo Municipal, que autoriza a abertura de cr\u00e9dito adicional no valor de R$ 140 mil reais para aquisi\u00e7\u00e3o de equipamentos e material permanente destinado a agroind\u00fastrias o munic\u00edpio \u2013 recursos provenientes do Minist\u00e9rio da Agricultura, Pecu\u00e1ria e Abastecimento.<\/p>\n<p style=\"text-align: justify;\">&nbsp;<\/p>\n<p style=\"text-align: justify;\"><em>*Ascom C\u00e2mara de Vereadores de Frederico Westphalen<\/em><\/p>\n<\/div>\n<\/div>","protected":false},"excerpt":{"rendered":"<p>Iniciativa foi apresentada na noite dessa ter\u00e7a-feira, 10, durante sess\u00e3o ordin\u00e1ria &nbsp;\u201cAt\u00e9 a \u00faltima gota. Economize.\u201d Esse \u00e9 o slogan da campanha apresentada nessa ter\u00e7a-feira, 10, pela C\u00e2mara de Vereadores&#8230;<\/p>","protected":false},"author":2,"featured_media":39173,"comment_status":"open","ping_status":"closed","sticky":false,"template":"","format":"standard","meta":{"ngg_post_thumbnail":0,"footnotes":""},"categories":[42,33],"tags":[],"class_list":["post-39172","post","type-post","status-publish","format-standard","has-post-thumbnail","hentry","category-fred-west","category-noticias"],"amp_enabled":true,"_links":{"self":[{"href":"https:\/\/www2.comunitaria.com.br\/en\/wp-json\/wp\/v2\/posts\/39172","targetHints":{"allow":["GET"]}}],"collection":[{"href":"https:\/\/www2.comunitaria.com.br\/en\/wp-json\/wp\/v2\/posts"}],"about":[{"href":"https:\/\/www2.comunitaria.com.br\/en\/wp-json\/wp\/v2\/types\/post"}],"author":[{"embeddable":true,"href":"https:\/\/www2.comunitaria.com.br\/en\/wp-json\/wp\/v2\/users\/2"}],"replies":[{"embeddable":true,"href":"https:\/\/www2.comunitaria.com.br\/en\/wp-json\/wp\/v2\/comments?post=39172"}],"version-history":[{"count":0,"href":"https:\/\/www2.comunitaria.com.br\/en\/wp-json\/wp\/v2\/posts\/39172\/revisions"}],"wp:featuredmedia":[{"embeddable":true,"href":"https:\/\/www2.comunitaria.com.br\/en\/wp-json\/wp\/v2\/media\/39173"}],"wp:attachment":[{"href":"https:\/\/www2.comunitaria.com.br\/en\/wp-json\/wp\/v2\/media?parent=39172"}],"wp:term":[{"taxonomy":"category","embeddable":true,"href":"https:\/\/www2.comunitaria.com.br\/en\/wp-json\/wp\/v2\/categories?post=39172"},{"taxonomy":"post_tag","embeddable":true,"href":"https:\/\/www2.comunitaria.com.br\/en\/wp-json\/wp\/v2\/tags?post=39172"}],"curies":[{"name":"wp","href":"https:\/\/api.w.org\/{rel}","templated":true}]}}