{"id":39122,"date":"2020-03-06T15:38:48","date_gmt":"2020-03-06T17:38:48","guid":{"rendered":"http:\/\/www2.comunitaria.com.br\/?p=39122"},"modified":"2020-03-06T15:38:48","modified_gmt":"2020-03-06T17:38:48","slug":"comitiva-convida-eduardo-leite-para-a-expofred-2020","status":"publish","type":"post","link":"https:\/\/www2.comunitaria.com.br\/en\/comitiva-convida-eduardo-leite-para-a-expofred-2020\/","title":{"rendered":"Comitiva convida Eduardo Leite para a Expofred 2020"},"content":{"rendered":"<p style=\"text-align: justify;\"><em>Governador gravou, em v\u00eddeo, um convite para a comunidade prestigiar a feira<\/em><\/p>\n<p style=\"text-align: justify;\">Uma comitiva, composta pelo prefeito de Frederico Westphalen, Jos\u00e9 Alberto Panosso, o secret\u00e1rio municipal de Ind\u00fastria, Com\u00e9rcio e Turismo, Alessandro Molossi, o presidente da Associa\u00e7\u00e3o Comercial, Industrial e de Presta\u00e7\u00e3o de Servi\u00e7o (ACIFW), Ramir Severiano, o presidente da Expofred 2020, Marcos Antonio Lima, o deputado estadual, Tiago Simon (MDB), a deputada estadual, Zil\u00e1 Breitenbach (PSDB), e outras lideran\u00e7as, reuniu-se com o governador do Estado, Eduardo Leite, nesta quarta-feira, 4, no Pal\u00e1cio do Piratini. No encontro, foi entregue ao chefe do Poder Executivo estadual um convite para Leite participar da Expofred 2020 e a revista com os atrativos da feira.<\/p>\n<p style=\"text-align: justify;\">Segundo Panosso, a presen\u00e7a do governador na maior feira-exposi\u00e7\u00e3o do Norte e Noroeste do Rio Grande do Sul vai engrandecer o evento. \u201cTradicionalmente convidamos lideran\u00e7as para participarem da Expofred e, mais importante ainda, deputados, senadores e o pr\u00f3prio governador do Estado fazem quest\u00e3o de participar da nossa feira, porque \u00e9 um evento diferenciado, com grandes propor\u00e7\u00f5es e que apresenta ao Rio Grande do Sul as potencialidades de Frederico Westphalen e regi\u00e3o\u201d, destacou o prefeito.<\/p>\n<p style=\"text-align: justify;\">O presidente da Expofred 2020, Marcos Antonio Lima, destacou o fortalecimento da regi\u00e3o com a realiza\u00e7\u00e3o da feira, que j\u00e1 se tornou vitrine do com\u00e9rcio, ind\u00fastria e agroneg\u00f3cio. \u201cAs potencialidades da nossa terra merecem ser cada vez mais vistas e divulgadas no Estado, fortalecendo ainda mais a economia local e regional. Estamos muito felizes em poder convidar o governador para este evento t\u00e3o marcante da nossa regi\u00e3o\u201d, destaca Lima.<\/p>\n<p style=\"text-align: justify;\">Ap\u00f3s receber um documento com convite oficial e a revista com os atrativos da feira, Leite gravou, em v\u00eddeo, um convite para a comunidade prestigiar a Expofred 2020. A feira ser\u00e1 realizada de 29 de abril a 3 de maio, no Parque de Exposi\u00e7\u00f5es Monsenhor Vitor Batistella, em Frederico Westphalen.<\/p>\n<p><em>*Ascom ACIFW<\/em><\/p>","protected":false},"excerpt":{"rendered":"<p>Governador gravou, em v\u00eddeo, um convite para a comunidade prestigiar a feira Uma comitiva, composta pelo prefeito de Frederico Westphalen, Jos\u00e9 Alberto Panosso, o secret\u00e1rio municipal de Ind\u00fastria, Com\u00e9rcio e Turismo, Alessandro Molossi, o presidente da Associa\u00e7\u00e3o Comercial, Industrial e de Presta\u00e7\u00e3o de Servi\u00e7o (ACIFW), Ramir Severiano, o presidente da Expofred 2020, Marcos Antonio Lima,<\/p>\n<div class=\"read-more-wrapper\"><a class=\"read-more\" href=\"https:\/\/www2.comunitaria.com.br\/en\/comitiva-convida-eduardo-leite-para-a-expofred-2020\/\" title=\"Read More\"> <span class=\"button\">Read More<\/span><\/a><\/div>","protected":false},"author":2,"featured_media":39123,"comment_status":"open","ping_status":"closed","sticky":false,"template":"","format":"standard","meta":{"ngg_post_thumbnail":0,"footnotes":""},"categories":[42,33],"tags":[1482,4475,276],"class_list":["post-39122","post","type-post","status-publish","format-standard","has-post-thumbnail","hentry","category-fred-west","category-noticias","tag-expofred","tag-expofred-2020","tag-governador"],"amp_enabled":true,"_links":{"self":[{"href":"https:\/\/www2.comunitaria.com.br\/en\/wp-json\/wp\/v2\/posts\/39122","targetHints":{"allow":["GET"]}}],"collection":[{"href":"https:\/\/www2.comunitaria.com.br\/en\/wp-json\/wp\/v2\/posts"}],"about":[{"href":"https:\/\/www2.comunitaria.com.br\/en\/wp-json\/wp\/v2\/types\/post"}],"author":[{"embeddable":true,"href":"https:\/\/www2.comunitaria.com.br\/en\/wp-json\/wp\/v2\/users\/2"}],"replies":[{"embeddable":true,"href":"https:\/\/www2.comunitaria.com.br\/en\/wp-json\/wp\/v2\/comments?post=39122"}],"version-history":[{"count":0,"href":"https:\/\/www2.comunitaria.com.br\/en\/wp-json\/wp\/v2\/posts\/39122\/revisions"}],"wp:featuredmedia":[{"embeddable":true,"href":"https:\/\/www2.comunitaria.com.br\/en\/wp-json\/wp\/v2\/media\/39123"}],"wp:attachment":[{"href":"https:\/\/www2.comunitaria.com.br\/en\/wp-json\/wp\/v2\/media?parent=39122"}],"wp:term":[{"taxonomy":"category","embeddable":true,"href":"https:\/\/www2.comunitaria.com.br\/en\/wp-json\/wp\/v2\/categories?post=39122"},{"taxonomy":"post_tag","embeddable":true,"href":"https:\/\/www2.comunitaria.com.br\/en\/wp-json\/wp\/v2\/tags?post=39122"}],"curies":[{"name":"wp","href":"https:\/\/api.w.org\/{rel}","templated":true}]}}