{"id":39044,"date":"2020-03-02T15:03:02","date_gmt":"2020-03-02T17:03:02","guid":{"rendered":"http:\/\/www2.comunitaria.com.br\/?p=39044"},"modified":"2020-03-02T15:07:53","modified_gmt":"2020-03-02T17:07:53","slug":"ultimos-dias-para-solicitar-vagas-remanescentes-em-creches","status":"publish","type":"post","link":"https:\/\/www2.comunitaria.com.br\/en\/ultimos-dias-para-solicitar-vagas-remanescentes-em-creches\/","title":{"rendered":"\u00daltimos dias para solicitar vagas remanescentes em creches"},"content":{"rendered":"<p style=\"text-align: justify;\"><em>Documentos necess\u00e1rios podem ser conferidos no edital publicado no site da prefeitura<\/em><\/p>\n<p style=\"text-align: justify;\">Encerra na quinta-feira, 5, o prazo para solicitar vagas nas unidades escolares de educa\u00e7\u00e3o infantil da rede municipal de ensino de Frederico Westphalen. As oportunidades foram dadas atrav\u00e9s do edital n\u00famero 013\/2020, que estabelece as diretrizes do processo de cadastro de pr\u00e9-matr\u00edculas e matr\u00edculas para os alunos na educa\u00e7\u00e3o infantil &#8211; creche para o ano letivo de 2020. Ser\u00e3o preenchidas as vagas remanescentes do edital 118\/2019, publicado em 14 de novembro de 2019.<\/p>\n<p style=\"text-align: justify;\">Os pais ou respons\u00e1veis dever\u00e3o procurar a Escola Municipal de Educa\u00e7\u00e3o Infantil (Emei) mais pr\u00f3xima de sua resid\u00eancia, conforme a disposi\u00e7\u00e3o de vagas publicada no edital que est\u00e1 no site <a href=\"https:\/\/www.fredericowestphalen-rs.com.br\/\">www.fredericowestphalen-rs.com.br<\/a>.<\/p>\n<p>&nbsp;<\/p>\n<p><em>*Ascom P.M. Frederico Westphalen<\/em><\/p>","protected":false},"excerpt":{"rendered":"<p>Documentos necess\u00e1rios podem ser conferidos no edital publicado no site da prefeitura Encerra na quinta-feira, 5, o prazo para solicitar vagas nas unidades escolares de educa\u00e7\u00e3o infantil da rede municipal&#8230;<\/p>","protected":false},"author":2,"featured_media":39046,"comment_status":"open","ping_status":"closed","sticky":false,"template":"","format":"standard","meta":{"ngg_post_thumbnail":0,"footnotes":""},"categories":[44,42,28,33],"tags":[3670,127],"class_list":["post-39044","post","type-post","status-publish","format-standard","has-post-thumbnail","hentry","category-educacao","category-fred-west","category-destaque","category-noticias","tag-creches","tag-vagas"],"amp_enabled":true,"_links":{"self":[{"href":"https:\/\/www2.comunitaria.com.br\/en\/wp-json\/wp\/v2\/posts\/39044","targetHints":{"allow":["GET"]}}],"collection":[{"href":"https:\/\/www2.comunitaria.com.br\/en\/wp-json\/wp\/v2\/posts"}],"about":[{"href":"https:\/\/www2.comunitaria.com.br\/en\/wp-json\/wp\/v2\/types\/post"}],"author":[{"embeddable":true,"href":"https:\/\/www2.comunitaria.com.br\/en\/wp-json\/wp\/v2\/users\/2"}],"replies":[{"embeddable":true,"href":"https:\/\/www2.comunitaria.com.br\/en\/wp-json\/wp\/v2\/comments?post=39044"}],"version-history":[{"count":0,"href":"https:\/\/www2.comunitaria.com.br\/en\/wp-json\/wp\/v2\/posts\/39044\/revisions"}],"wp:featuredmedia":[{"embeddable":true,"href":"https:\/\/www2.comunitaria.com.br\/en\/wp-json\/wp\/v2\/media\/39046"}],"wp:attachment":[{"href":"https:\/\/www2.comunitaria.com.br\/en\/wp-json\/wp\/v2\/media?parent=39044"}],"wp:term":[{"taxonomy":"category","embeddable":true,"href":"https:\/\/www2.comunitaria.com.br\/en\/wp-json\/wp\/v2\/categories?post=39044"},{"taxonomy":"post_tag","embeddable":true,"href":"https:\/\/www2.comunitaria.com.br\/en\/wp-json\/wp\/v2\/tags?post=39044"}],"curies":[{"name":"wp","href":"https:\/\/api.w.org\/{rel}","templated":true}]}}