{"id":39012,"date":"2020-02-28T16:41:22","date_gmt":"2020-02-28T18:41:22","guid":{"rendered":"http:\/\/www2.comunitaria.com.br\/?p=39012"},"modified":"2020-02-28T16:46:53","modified_gmt":"2020-02-28T18:46:53","slug":"inscricoes-abertas-para-o-18o-carijinho-e-35-carijo","status":"publish","type":"post","link":"https:\/\/www2.comunitaria.com.br\/en\/inscricoes-abertas-para-o-18o-carijinho-e-35-carijo\/","title":{"rendered":"Inscri\u00e7\u00f5es abertas para o 18\u00ba Carijinho e 35\u00b0 Carijo"},"content":{"rendered":"<p style=\"text-align: justify;\"><span style=\"font-weight: 400;\">A partir desta sexta-feira, 28, est\u00e3o abertas as inscri\u00e7\u00f5es para a 35\u00aa edi\u00e7\u00e3o do Carijo da Can\u00e7\u00e3o Ga\u00facha e 18\u00b0 Carijinho, festivais nativistas realizados, paralelamente, em Palmeira das Miss\u00f5es.&nbsp;<\/span><\/p>\n<p style=\"text-align: justify;\"><span style=\"font-weight: 400;\">Os interessados podem se inscrever at\u00e9 o dia 29 de mar\u00e7o no Carijo e at\u00e9 o dia 15 de abril no Carijinho, por meio do site <\/span><a href=\"http:\/\/www.carijo.rs\"><span style=\"font-weight: 400;\">www.carijo.rs<\/span><\/a><span style=\"font-weight: 400;\">. Os regulamentos, contendo as regras e crit\u00e9rios de participa\u00e7\u00e3o, al\u00e9m do endere\u00e7o para inscri\u00e7\u00f5es presenciais ou via correio, tamb\u00e9m podem ser acessados no site.<\/span><\/p>\n<p style=\"text-align: justify;\"><span style=\"font-weight: 400;\">O evento \u00e9 promovido pela Administra\u00e7\u00e3o Municipal de Palmeira das Miss\u00f5es, por meio da Secretaria de Cultura e Turismo, com coordena\u00e7\u00e3o da Secretaria de Educa\u00e7\u00e3o.<\/span><\/p>\n<p style=\"text-align: justify;\"><strong>Carijo<\/strong><b><br \/>\n<\/b><span style=\"font-weight: 400;\">A 35\u00aa edi\u00e7\u00e3o do festival ser\u00e1 realizada entre os dias 28 e 31 de maio, no Parque Municipal de Exposi\u00e7\u00f5es Tealmo Jos\u00e9 Schardong, nas fases local e geral.<\/span><\/p>\n<p style=\"text-align: justify;\"><span style=\"font-weight: 400;\">Para participar da fase local os candidatos precisam ser naturais de Palmeira das Miss\u00f5es, ou residirem no munic\u00edpio pelo menos h\u00e1 seis meses antes do evento. Na fase geral,&nbsp; poder\u00e3o participar concorrentes de todo o Brasil e de pa\u00edses do Mercosul.<\/span><\/p>\n<p style=\"text-align: justify;\"><strong>Carijinho<\/strong><b><br \/>\n<\/b><span style=\"font-weight: 400;\">O Carijinho acontece no dia&nbsp; 31 de maio e podem participar os candidatos que, at\u00e9 o dia da apresenta\u00e7\u00e3o, tenham completado 13 anos para concorrer na categoria Pi\u00e1, e no m\u00e1ximo 17 anos para concorrer na categoria Piazote.<\/span><\/p>\n<p style=\"text-align: justify;\"><span style=\"font-weight: 400;\">As edi\u00e7\u00f5es do Carijinho j\u00e1 revelaram muito artistas que, posteriormente, tamb\u00e9m participaram do Carijo. Desta forma, o festival cumpre seus objetivos, de revelar talentos, promover a integra\u00e7\u00e3o de jovens artistas e premiar as interpreta\u00e7\u00f5es destaques.<\/span><\/p>\n<p><a href=\"http:\/\/www2.comunitaria.com.br\/en\/inscricoes-abertas-para-o-18o-carijinho-e-35-carijo\/cx9wnvz8qyf3\/\" rel=\"attachment wp-att-39014\"><img loading=\"lazy\" decoding=\"async\" class=\"wp-image-39014 alignleft\" src=\"http:\/\/www2.comunitaria.com.br\/wp-content\/uploads\/2020\/02\/cx9wnvz8qyf3-1024x752.png\" alt=\"\" width=\"378\" height=\"278\" srcset=\"https:\/\/www2.comunitaria.com.br\/wp-content\/uploads\/2020\/02\/cx9wnvz8qyf3-1024x752.png 1024w, https:\/\/www2.comunitaria.com.br\/wp-content\/uploads\/2020\/02\/cx9wnvz8qyf3-300x220.png 300w, https:\/\/www2.comunitaria.com.br\/wp-content\/uploads\/2020\/02\/cx9wnvz8qyf3-768x564.png 768w, https:\/\/www2.comunitaria.com.br\/wp-content\/uploads\/2020\/02\/cx9wnvz8qyf3.png 1584w\" sizes=\"auto, (max-width: 378px) 100vw, 378px\" \/><\/a><\/p>\n<p style=\"text-align: justify;\">&nbsp;<\/p>","protected":false},"excerpt":{"rendered":"<p>A partir desta sexta-feira, 28, est\u00e3o abertas as inscri\u00e7\u00f5es para a 35\u00aa edi\u00e7\u00e3o do Carijo da Can\u00e7\u00e3o Ga\u00facha e 18\u00b0 Carijinho, festivais nativistas realizados, paralelamente, em Palmeira das Miss\u00f5es.&nbsp; Os interessados podem se inscrever at\u00e9 o dia 29 de mar\u00e7o no Carijo e at\u00e9 o dia 15 de abril no Carijinho, por meio do site<\/p>\n<div class=\"read-more-wrapper\"><a class=\"read-more\" href=\"https:\/\/www2.comunitaria.com.br\/en\/inscricoes-abertas-para-o-18o-carijinho-e-35-carijo\/\" title=\"Read More\"> <span class=\"button\">Read More<\/span><\/a><\/div>","protected":false},"author":2,"featured_media":39017,"comment_status":"open","ping_status":"closed","sticky":false,"template":"","format":"standard","meta":{"ngg_post_thumbnail":0,"footnotes":""},"categories":[46,28,33],"tags":[2703,781,2670,149],"class_list":["post-39012","post","type-post","status-publish","format-standard","has-post-thumbnail","hentry","category-estado","category-destaque","category-noticias","tag-carijinho","tag-carijo","tag-carijo-da-cancao-gaucha","tag-inscricoes"],"amp_enabled":true,"_links":{"self":[{"href":"https:\/\/www2.comunitaria.com.br\/en\/wp-json\/wp\/v2\/posts\/39012","targetHints":{"allow":["GET"]}}],"collection":[{"href":"https:\/\/www2.comunitaria.com.br\/en\/wp-json\/wp\/v2\/posts"}],"about":[{"href":"https:\/\/www2.comunitaria.com.br\/en\/wp-json\/wp\/v2\/types\/post"}],"author":[{"embeddable":true,"href":"https:\/\/www2.comunitaria.com.br\/en\/wp-json\/wp\/v2\/users\/2"}],"replies":[{"embeddable":true,"href":"https:\/\/www2.comunitaria.com.br\/en\/wp-json\/wp\/v2\/comments?post=39012"}],"version-history":[{"count":0,"href":"https:\/\/www2.comunitaria.com.br\/en\/wp-json\/wp\/v2\/posts\/39012\/revisions"}],"wp:featuredmedia":[{"embeddable":true,"href":"https:\/\/www2.comunitaria.com.br\/en\/wp-json\/wp\/v2\/media\/39017"}],"wp:attachment":[{"href":"https:\/\/www2.comunitaria.com.br\/en\/wp-json\/wp\/v2\/media?parent=39012"}],"wp:term":[{"taxonomy":"category","embeddable":true,"href":"https:\/\/www2.comunitaria.com.br\/en\/wp-json\/wp\/v2\/categories?post=39012"},{"taxonomy":"post_tag","embeddable":true,"href":"https:\/\/www2.comunitaria.com.br\/en\/wp-json\/wp\/v2\/tags?post=39012"}],"curies":[{"name":"wp","href":"https:\/\/api.w.org\/{rel}","templated":true}]}}