{"id":38960,"date":"2020-02-26T15:57:49","date_gmt":"2020-02-26T17:57:49","guid":{"rendered":"http:\/\/www2.comunitaria.com.br\/?p=38960"},"modified":"2020-02-26T15:57:49","modified_gmt":"2020-02-26T17:57:49","slug":"jovens-se-apresentam-na-junta-de-servico-militar","status":"publish","type":"post","link":"https:\/\/www2.comunitaria.com.br\/en\/jovens-se-apresentam-na-junta-de-servico-militar\/","title":{"rendered":"Jovens se apresentam na Junta de Servi\u00e7o Militar"},"content":{"rendered":"<p style=\"text-align: justify;\"><em>Os selecionados foram levados a Uruguaiana no 22\u00ba Grupo de Artilharia de Campanha (GAC)<\/em><\/p>\n<p style=\"text-align: justify;\">Na manh\u00e3 desta quarta-feira, 26, os jovens nascidos em 2001 apresentaram-se na Junta de Servi\u00e7o Militar, para serem levados ao 22\u00ba Grupo de Artilharia de Campanha (GAC).&nbsp;<\/p>\n<p style=\"text-align: justify;\">Dezenas de rapazes foram convocados e aprovados na avalia\u00e7\u00e3o de sa\u00fade e agora dever\u00e3o iniciar treinamento em uma das bases militares do Rio Grande do Sul, na cidade de Uruguaiana.<\/p>","protected":false},"excerpt":{"rendered":"<p>Os selecionados foram levados a Uruguaiana no 22\u00ba Grupo de Artilharia de Campanha (GAC) Na manh\u00e3 desta quarta-feira, 26, os jovens nascidos em 2001 apresentaram-se na Junta de Servi\u00e7o Militar, para serem levados ao 22\u00ba Grupo de Artilharia de Campanha (GAC).&nbsp; Dezenas de rapazes foram convocados e aprovados na avalia\u00e7\u00e3o de sa\u00fade e agora dever\u00e3o<\/p>\n<div class=\"read-more-wrapper\"><a class=\"read-more\" href=\"https:\/\/www2.comunitaria.com.br\/en\/jovens-se-apresentam-na-junta-de-servico-militar\/\" title=\"Read More\"> <span class=\"button\">Read More<\/span><\/a><\/div>","protected":false},"author":2,"featured_media":38961,"comment_status":"open","ping_status":"closed","sticky":false,"template":"","format":"standard","meta":{"ngg_post_thumbnail":0,"footnotes":""},"categories":[42,33],"tags":[],"class_list":["post-38960","post","type-post","status-publish","format-standard","has-post-thumbnail","hentry","category-fred-west","category-noticias"],"amp_enabled":true,"_links":{"self":[{"href":"https:\/\/www2.comunitaria.com.br\/en\/wp-json\/wp\/v2\/posts\/38960","targetHints":{"allow":["GET"]}}],"collection":[{"href":"https:\/\/www2.comunitaria.com.br\/en\/wp-json\/wp\/v2\/posts"}],"about":[{"href":"https:\/\/www2.comunitaria.com.br\/en\/wp-json\/wp\/v2\/types\/post"}],"author":[{"embeddable":true,"href":"https:\/\/www2.comunitaria.com.br\/en\/wp-json\/wp\/v2\/users\/2"}],"replies":[{"embeddable":true,"href":"https:\/\/www2.comunitaria.com.br\/en\/wp-json\/wp\/v2\/comments?post=38960"}],"version-history":[{"count":0,"href":"https:\/\/www2.comunitaria.com.br\/en\/wp-json\/wp\/v2\/posts\/38960\/revisions"}],"wp:featuredmedia":[{"embeddable":true,"href":"https:\/\/www2.comunitaria.com.br\/en\/wp-json\/wp\/v2\/media\/38961"}],"wp:attachment":[{"href":"https:\/\/www2.comunitaria.com.br\/en\/wp-json\/wp\/v2\/media?parent=38960"}],"wp:term":[{"taxonomy":"category","embeddable":true,"href":"https:\/\/www2.comunitaria.com.br\/en\/wp-json\/wp\/v2\/categories?post=38960"},{"taxonomy":"post_tag","embeddable":true,"href":"https:\/\/www2.comunitaria.com.br\/en\/wp-json\/wp\/v2\/tags?post=38960"}],"curies":[{"name":"wp","href":"https:\/\/api.w.org\/{rel}","templated":true}]}}