{"id":3893,"date":"2015-06-03T13:14:55","date_gmt":"2015-06-03T15:14:55","guid":{"rendered":"http:\/\/www2.comunitaria.com.br\/?p=3893"},"modified":"2015-06-03T13:14:55","modified_gmt":"2015-06-03T15:14:55","slug":"protocolado-documento-de-compromisso-para-3a-parcela-da-upa","status":"publish","type":"post","link":"https:\/\/www2.comunitaria.com.br\/en\/protocolado-documento-de-compromisso-para-3a-parcela-da-upa\/","title":{"rendered":"Protocolado documento de compromisso para 3\u00aa parcela da UPA"},"content":{"rendered":"<p style=\"text-align: justify;\">A Mesa Diretora do Legislativo Municipal representada pelos vereadores Paulo de Lima, L\u00eddio Signori e Marcos Cerutti, juntamente com o vereador Diogo Duarte e o Coordenador da 19\u00aa Coordenadoria de Sa\u00fade do Estado do Rio Grande do Sul, Fernando Panosso, protocolaram ontem, 1\u00ba de junho, junto ao Executivo Municipal no Setor de Protocolos o documento que garante a libera\u00e7\u00e3o da 3\u00aa parcela da Unidade de Pronto Atendimento \u2013 UPA de Frederico Westphalen no valor de R$ 305.000,00 (trezentos e cinco mil reais) t\u00e3o logo a Unidade entrando em funcionamento.<\/p>\n<p style=\"text-align: justify;\">A parcela foi garantida com a a\u00e7\u00e3o do Legislativo juntamente com Fernando Panosso da 19\u00aa CRS que se reuniram com o Secret\u00e1rio de Sa\u00fade do Estado Jo\u00e3o Gabbardo dos Reis no \u00faltimo dia 26 de maio em Porto Alegre.<\/p>\n<p style=\"text-align: justify;\"><em>A.I\/C\u00e2mara FW<\/em><\/p>","protected":false},"excerpt":{"rendered":"<p>A Mesa Diretora do Legislativo Municipal representada pelos vereadores Paulo de Lima, L\u00eddio Signori e Marcos Cerutti, juntamente com o vereador Diogo Duarte e o Coordenador da 19\u00aa Coordenadoria de Sa\u00fade do Estado do Rio Grande do Sul, Fernando Panosso, protocolaram ontem, 1\u00ba de junho, junto ao Executivo Municipal no Setor de Protocolos o documento<\/p>\n<div class=\"read-more-wrapper\"><a class=\"read-more\" href=\"https:\/\/www2.comunitaria.com.br\/en\/protocolado-documento-de-compromisso-para-3a-parcela-da-upa\/\" title=\"Read More\"> <span class=\"button\">Read More<\/span><\/a><\/div>","protected":false},"author":2,"featured_media":3894,"comment_status":"open","ping_status":"closed","sticky":false,"template":"","format":"standard","meta":{"ngg_post_thumbnail":0,"footnotes":""},"categories":[42,28,33],"tags":[960,959,283,217],"class_list":["post-3893","post","type-post","status-publish","format-standard","has-post-thumbnail","hentry","category-fred-west","category-destaque","category-noticias","tag-documento","tag-protocolo","tag-upa","tag-vereadores"],"amp_enabled":true,"_links":{"self":[{"href":"https:\/\/www2.comunitaria.com.br\/en\/wp-json\/wp\/v2\/posts\/3893","targetHints":{"allow":["GET"]}}],"collection":[{"href":"https:\/\/www2.comunitaria.com.br\/en\/wp-json\/wp\/v2\/posts"}],"about":[{"href":"https:\/\/www2.comunitaria.com.br\/en\/wp-json\/wp\/v2\/types\/post"}],"author":[{"embeddable":true,"href":"https:\/\/www2.comunitaria.com.br\/en\/wp-json\/wp\/v2\/users\/2"}],"replies":[{"embeddable":true,"href":"https:\/\/www2.comunitaria.com.br\/en\/wp-json\/wp\/v2\/comments?post=3893"}],"version-history":[{"count":0,"href":"https:\/\/www2.comunitaria.com.br\/en\/wp-json\/wp\/v2\/posts\/3893\/revisions"}],"wp:featuredmedia":[{"embeddable":true,"href":"https:\/\/www2.comunitaria.com.br\/en\/wp-json\/wp\/v2\/media\/3894"}],"wp:attachment":[{"href":"https:\/\/www2.comunitaria.com.br\/en\/wp-json\/wp\/v2\/media?parent=3893"}],"wp:term":[{"taxonomy":"category","embeddable":true,"href":"https:\/\/www2.comunitaria.com.br\/en\/wp-json\/wp\/v2\/categories?post=3893"},{"taxonomy":"post_tag","embeddable":true,"href":"https:\/\/www2.comunitaria.com.br\/en\/wp-json\/wp\/v2\/tags?post=3893"}],"curies":[{"name":"wp","href":"https:\/\/api.w.org\/{rel}","templated":true}]}}