{"id":38917,"date":"2020-02-20T15:34:54","date_gmt":"2020-02-20T17:34:54","guid":{"rendered":"http:\/\/www2.comunitaria.com.br\/?p=38917"},"modified":"2020-02-20T15:34:55","modified_gmt":"2020-02-20T17:34:55","slug":"comunidade-indigena-da-regiao-estara-presente-na-expofred-2020","status":"publish","type":"post","link":"https:\/\/www2.comunitaria.com.br\/en\/comunidade-indigena-da-regiao-estara-presente-na-expofred-2020\/","title":{"rendered":"Comunidade Ind\u00edgena da regi\u00e3o estar\u00e1 presente na Expofred 2020"},"content":{"rendered":"<p style=\"text-align: justify;\"><em>Comiss\u00e3o Organizadora destinou um espa\u00e7o para a divulga\u00e7\u00e3o da cultura Kaingang<\/em><\/p>\n<p style=\"text-align: justify;\">A miss\u00e3o da Expofred \u00e9 oportunizar aos diversos segmentos condi\u00e7\u00f5es de divulga\u00e7\u00e3o dos seus produtos e, como nos \u00faltimos anos, a comunidade ind\u00edgena ter\u00e1 uma \u00e1rea reservada para a comercializa\u00e7\u00e3o do artesanato e valoriza\u00e7\u00e3o de sua cultura.<\/p>\n<p style=\"text-align: justify;\">Para tratar sobre o espa\u00e7o destinado aos ind\u00edgenas, a Comiss\u00e3o Central da Expofred 2020 se reuniu com chefe da Coordena\u00e7\u00e3o T\u00e9cnica Local da Funai (CTL Funai), de Ira\u00ed, Maryjara Dazzi, e caciques de Ira\u00ed e Vicente Dutra, na \u00faltima ter\u00e7a-feira, 18, na ACIFW. A reuni\u00e3o teve como objetivo criar um espa\u00e7o pr\u00f3prio para os grupos na feira, como nas outras edi\u00e7\u00f5es. A \u00e1rea ser\u00e1 destinada para que os ind\u00edgenas Kaingang de Ira\u00ed e Vicente Dutra possam expor e comercializar o artesanato que produzem al\u00e9m de agregar sua cultura \u00e0 feira.<\/p>\n<p style=\"text-align: justify;\">A Expofred acontecer\u00e1 entre os dias 29 de abril e 03 de maio de 2020, no Parque de Exposi\u00e7\u00f5es Monsenhor Vitor Batistella, em Frederico Westphalen.<\/p>","protected":false},"excerpt":{"rendered":"<p>Comiss\u00e3o Organizadora destinou um espa\u00e7o para a divulga\u00e7\u00e3o da cultura Kaingang A miss\u00e3o da Expofred \u00e9 oportunizar aos diversos segmentos condi\u00e7\u00f5es de divulga\u00e7\u00e3o dos seus produtos e, como nos \u00faltimos anos, a comunidade ind\u00edgena ter\u00e1 uma \u00e1rea reservada para a comercializa\u00e7\u00e3o do artesanato e valoriza\u00e7\u00e3o de sua cultura. Para tratar sobre o espa\u00e7o destinado aos<\/p>\n<div class=\"read-more-wrapper\"><a class=\"read-more\" href=\"https:\/\/www2.comunitaria.com.br\/en\/comunidade-indigena-da-regiao-estara-presente-na-expofred-2020\/\" title=\"Read More\"> <span class=\"button\">Read More<\/span><\/a><\/div>","protected":false},"author":2,"featured_media":38918,"comment_status":"open","ping_status":"closed","sticky":false,"template":"","format":"standard","meta":{"ngg_post_thumbnail":0,"footnotes":""},"categories":[3593,42,33],"tags":[1482,4475,1852],"class_list":["post-38917","post","type-post","status-publish","format-standard","has-post-thumbnail","hentry","category-cultura","category-fred-west","category-noticias","tag-expofred","tag-expofred-2020","tag-indigenas"],"amp_enabled":true,"_links":{"self":[{"href":"https:\/\/www2.comunitaria.com.br\/en\/wp-json\/wp\/v2\/posts\/38917","targetHints":{"allow":["GET"]}}],"collection":[{"href":"https:\/\/www2.comunitaria.com.br\/en\/wp-json\/wp\/v2\/posts"}],"about":[{"href":"https:\/\/www2.comunitaria.com.br\/en\/wp-json\/wp\/v2\/types\/post"}],"author":[{"embeddable":true,"href":"https:\/\/www2.comunitaria.com.br\/en\/wp-json\/wp\/v2\/users\/2"}],"replies":[{"embeddable":true,"href":"https:\/\/www2.comunitaria.com.br\/en\/wp-json\/wp\/v2\/comments?post=38917"}],"version-history":[{"count":0,"href":"https:\/\/www2.comunitaria.com.br\/en\/wp-json\/wp\/v2\/posts\/38917\/revisions"}],"wp:featuredmedia":[{"embeddable":true,"href":"https:\/\/www2.comunitaria.com.br\/en\/wp-json\/wp\/v2\/media\/38918"}],"wp:attachment":[{"href":"https:\/\/www2.comunitaria.com.br\/en\/wp-json\/wp\/v2\/media?parent=38917"}],"wp:term":[{"taxonomy":"category","embeddable":true,"href":"https:\/\/www2.comunitaria.com.br\/en\/wp-json\/wp\/v2\/categories?post=38917"},{"taxonomy":"post_tag","embeddable":true,"href":"https:\/\/www2.comunitaria.com.br\/en\/wp-json\/wp\/v2\/tags?post=38917"}],"curies":[{"name":"wp","href":"https:\/\/api.w.org\/{rel}","templated":true}]}}