{"id":3891,"date":"2015-06-03T11:44:34","date_gmt":"2015-06-03T13:44:34","guid":{"rendered":"http:\/\/www2.comunitaria.com.br\/?p=3891"},"modified":"2015-06-03T11:44:34","modified_gmt":"2015-06-03T13:44:34","slug":"projeto-do-campus-frederico-westphalen-e-tema-de-mesa-redonda-no-iii-fmept","status":"publish","type":"post","link":"https:\/\/www2.comunitaria.com.br\/en\/projeto-do-campus-frederico-westphalen-e-tema-de-mesa-redonda-no-iii-fmept\/","title":{"rendered":"Projeto do C\u00e2mpus Frederico Westphalen \u00e9 tema de mesa redonda no III FMEPT"},"content":{"rendered":"<p style=\"text-align: justify;\">O professor do IF Farroupilha &#8211; C\u00e2mpus Frederico Westphalen, Joel da Silva, coordenou na manh\u00e3 de quinta-feira, dia 28, durante o III FMEPT, na sala Recife, do Centro de Conven\u00e7\u00f5es de Pernambuco, uma mesa redonda, com o tema &#8220;Sistema Web para Cataloga\u00e7\u00e3o e Comercializa\u00e7\u00e3o de Produtos da Agroind\u00fastria Familiar&#8221;.<\/p>\n<p style=\"text-align: justify;\">O projeto de extens\u00e3o\/ desenvolvido pelo C\u00e2mpus Frederico Westphalen em parceria com a Ag\u00eancia de Desenvolvimento do M\u00e9dio alto Uruguai (ADMAU www.admau.org), com a colabora\u00e7\u00e3o dos professores Arlindo Jesus Prestes de Lima e Jos\u00e9 Eduardo Gubert, objetiva modelar e implementar um Sistema Web que auxilie os Arranjos Produtivos Locais(APLs) de alimentos e agroind\u00fastria familiar do Estado do Rio Grande do Sul na cataloga\u00e7\u00e3o e comercializa\u00e7\u00e3o de produtos da agricultura familiar.<\/p>\n<p style=\"text-align: justify;\">Segundo Joel, atualmente o projeto est\u00e1 sendo implantando no APL do M\u00e9dio Alto Uruguai, em parceria com a ADMAU que faz a articula\u00e7\u00e3o com os produtores e compradores. &#8220;Estamos em busca de financiamento para implantar o sistema nos outros cinco APLs de Alimentos e Agroind\u00fastria Familiar do RS, contribuindo assim para o aumento da renda dos agricultores; para o atendimento da meta de 30% previsto em lei para a aquisi\u00e7\u00e3o de produtos da agricultura familiar; para a diminui\u00e7\u00e3o do \u00eaxodo rural; para a amplia\u00e7\u00e3o das possibilidades de sucess\u00e3o na agricultura familiar e para o desenvolvimento local&#8221;.<\/p>\n<p style=\"text-align: justify;\"><em>ASCOM &#8211; jornalista Carla Maron<\/em><\/p>","protected":false},"excerpt":{"rendered":"<p>O professor do IF Farroupilha &#8211; C\u00e2mpus Frederico Westphalen, Joel da Silva, coordenou na manh\u00e3 de quinta-feira, dia 28, durante o III FMEPT, na sala Recife, do Centro de Conven\u00e7\u00f5es&#8230;<\/p>","protected":false},"author":2,"featured_media":3892,"comment_status":"open","ping_status":"closed","sticky":false,"template":"","format":"standard","meta":{"ngg_post_thumbnail":0,"footnotes":""},"categories":[44,42,33],"tags":[62],"class_list":["post-3891","post","type-post","status-publish","format-standard","has-post-thumbnail","hentry","category-educacao","category-fred-west","category-noticias","tag-instituto-federal-farroupilha"],"amp_enabled":true,"_links":{"self":[{"href":"https:\/\/www2.comunitaria.com.br\/en\/wp-json\/wp\/v2\/posts\/3891","targetHints":{"allow":["GET"]}}],"collection":[{"href":"https:\/\/www2.comunitaria.com.br\/en\/wp-json\/wp\/v2\/posts"}],"about":[{"href":"https:\/\/www2.comunitaria.com.br\/en\/wp-json\/wp\/v2\/types\/post"}],"author":[{"embeddable":true,"href":"https:\/\/www2.comunitaria.com.br\/en\/wp-json\/wp\/v2\/users\/2"}],"replies":[{"embeddable":true,"href":"https:\/\/www2.comunitaria.com.br\/en\/wp-json\/wp\/v2\/comments?post=3891"}],"version-history":[{"count":0,"href":"https:\/\/www2.comunitaria.com.br\/en\/wp-json\/wp\/v2\/posts\/3891\/revisions"}],"wp:featuredmedia":[{"embeddable":true,"href":"https:\/\/www2.comunitaria.com.br\/en\/wp-json\/wp\/v2\/media\/3892"}],"wp:attachment":[{"href":"https:\/\/www2.comunitaria.com.br\/en\/wp-json\/wp\/v2\/media?parent=3891"}],"wp:term":[{"taxonomy":"category","embeddable":true,"href":"https:\/\/www2.comunitaria.com.br\/en\/wp-json\/wp\/v2\/categories?post=3891"},{"taxonomy":"post_tag","embeddable":true,"href":"https:\/\/www2.comunitaria.com.br\/en\/wp-json\/wp\/v2\/tags?post=3891"}],"curies":[{"name":"wp","href":"https:\/\/api.w.org\/{rel}","templated":true}]}}