{"id":3889,"date":"2015-06-03T10:49:47","date_gmt":"2015-06-03T12:49:47","guid":{"rendered":"http:\/\/www2.comunitaria.com.br\/?p=3889"},"modified":"2015-06-03T10:49:47","modified_gmt":"2015-06-03T12:49:47","slug":"instituido-o-dia-de-mobilizacao-para-fim-da-violencia-contra-as-mulheres","status":"publish","type":"post","link":"https:\/\/www2.comunitaria.com.br\/en\/instituido-o-dia-de-mobilizacao-para-fim-da-violencia-contra-as-mulheres\/","title":{"rendered":"Institu\u00eddo o dia de Mobiliza\u00e7\u00e3o para Fim da Viol\u00eancia contra as Mulheres"},"content":{"rendered":"<p style=\"text-align: justify;\">Os deputados estaduais aprovaram por unanimidade, nesta ter\u00e7a-feira, a cria\u00e7\u00e3o do Dia de Mobiliza\u00e7\u00e3o Estadual dos Homens pelo Fim da Viol\u00eancia contra as Mulheres. A iniciativa, de autoria do deputado Edegar Pretto, do PT, buscava utilizar o dia 6 de dezembro como refer\u00eancia na luta pela viol\u00eancia de g\u00eanero.<\/p>\n<p style=\"text-align: justify;\">\u00a0 A data ficou conhecida no mundo inteiro a partir de um ato criminoso de um canadense que matou 14 mulheres e feriu outras 10, em 1989, numa sala de aula. Antes de cometer a chacina, o jovem mandou que os 48 homens que estavam no ambiente deixassem o local. Depois de efetuar o crime, cometeu suic\u00eddio. Em uma carta que deixou, declarava que reprovava a presen\u00e7a de mulheres cursando Engenharia.<\/p>","protected":false},"excerpt":{"rendered":"<p>Os deputados estaduais aprovaram por unanimidade, nesta ter\u00e7a-feira, a cria\u00e7\u00e3o do Dia de Mobiliza\u00e7\u00e3o Estadual dos Homens pelo Fim da Viol\u00eancia contra as Mulheres. A iniciativa, de autoria do deputado&#8230;<\/p>","protected":false},"author":2,"featured_media":3890,"comment_status":"open","ping_status":"closed","sticky":false,"template":"","format":"standard","meta":{"ngg_post_thumbnail":0,"footnotes":""},"categories":[46,33],"tags":[958,451,957],"class_list":["post-3889","post","type-post","status-publish","format-standard","has-post-thumbnail","hentry","category-estado","category-noticias","tag-dia-de-luta","tag-mulheres","tag-violenci"],"amp_enabled":true,"_links":{"self":[{"href":"https:\/\/www2.comunitaria.com.br\/en\/wp-json\/wp\/v2\/posts\/3889","targetHints":{"allow":["GET"]}}],"collection":[{"href":"https:\/\/www2.comunitaria.com.br\/en\/wp-json\/wp\/v2\/posts"}],"about":[{"href":"https:\/\/www2.comunitaria.com.br\/en\/wp-json\/wp\/v2\/types\/post"}],"author":[{"embeddable":true,"href":"https:\/\/www2.comunitaria.com.br\/en\/wp-json\/wp\/v2\/users\/2"}],"replies":[{"embeddable":true,"href":"https:\/\/www2.comunitaria.com.br\/en\/wp-json\/wp\/v2\/comments?post=3889"}],"version-history":[{"count":0,"href":"https:\/\/www2.comunitaria.com.br\/en\/wp-json\/wp\/v2\/posts\/3889\/revisions"}],"wp:featuredmedia":[{"embeddable":true,"href":"https:\/\/www2.comunitaria.com.br\/en\/wp-json\/wp\/v2\/media\/3890"}],"wp:attachment":[{"href":"https:\/\/www2.comunitaria.com.br\/en\/wp-json\/wp\/v2\/media?parent=3889"}],"wp:term":[{"taxonomy":"category","embeddable":true,"href":"https:\/\/www2.comunitaria.com.br\/en\/wp-json\/wp\/v2\/categories?post=3889"},{"taxonomy":"post_tag","embeddable":true,"href":"https:\/\/www2.comunitaria.com.br\/en\/wp-json\/wp\/v2\/tags?post=3889"}],"curies":[{"name":"wp","href":"https:\/\/api.w.org\/{rel}","templated":true}]}}