{"id":38784,"date":"2020-02-10T16:03:51","date_gmt":"2020-02-10T18:03:51","guid":{"rendered":"http:\/\/www2.comunitaria.com.br\/?p=38784"},"modified":"2020-02-10T16:05:00","modified_gmt":"2020-02-10T18:05:00","slug":"ultimos-dias-para-matriculas-nas-emeis-de-fw","status":"publish","type":"post","link":"https:\/\/www2.comunitaria.com.br\/en\/ultimos-dias-para-matriculas-nas-emeis-de-fw\/","title":{"rendered":"\u00daltimos dias para matr\u00edculas nas Emeis de FW"},"content":{"rendered":"<p style=\"text-align: justify;\">Encerra nesta quarta-feira, 12, o prazo para os pais realizarem as matr\u00edculas de seus filhos nas Escolas Municipais de Educa\u00e7\u00e3o Infantil (Emeis), da rede municipal de ensino de Frederico Westphalen, para o ano letivo de 2020.<\/p>\n<p style=\"text-align: justify;\">Os pais ou respons\u00e1veis devem se dirigir at\u00e9 as escolas onde seus filhos foram contemplados com vagas, das 7h30min \u00e0s 17 horas, n\u00e3o sendo necess\u00e1rio apresentar novas documenta\u00e7\u00f5es.&nbsp;<\/p>\n<p style=\"text-align: justify;\">As aulas retornam na segunda-feira, 17, e a secretaria Municipal de Educa\u00e7\u00e3o e Cultura solicita que os pais realizem as matr\u00edculas dentro do prazo estipulado no edital, para que as crian\u00e7as n\u00e3o percam a vaga.<\/p>\n<p>&nbsp;<\/p>","protected":false},"excerpt":{"rendered":"<p>Encerra nesta quarta-feira, 12, o prazo para os pais realizarem as matr\u00edculas de seus filhos nas Escolas Municipais de Educa\u00e7\u00e3o Infantil (Emeis), da rede municipal de ensino de Frederico Westphalen, para o ano letivo de 2020. Os pais ou respons\u00e1veis devem se dirigir at\u00e9 as escolas onde seus filhos foram contemplados com vagas, das 7h30min<\/p>\n<div class=\"read-more-wrapper\"><a class=\"read-more\" href=\"https:\/\/www2.comunitaria.com.br\/en\/ultimos-dias-para-matriculas-nas-emeis-de-fw\/\" title=\"Read More\"> <span class=\"button\">Read More<\/span><\/a><\/div>","protected":false},"author":2,"featured_media":38785,"comment_status":"open","ping_status":"closed","sticky":false,"template":"","format":"standard","meta":{"ngg_post_thumbnail":0,"footnotes":""},"categories":[44,42,28,33],"tags":[],"class_list":["post-38784","post","type-post","status-publish","format-standard","has-post-thumbnail","hentry","category-educacao","category-fred-west","category-destaque","category-noticias"],"amp_enabled":true,"_links":{"self":[{"href":"https:\/\/www2.comunitaria.com.br\/en\/wp-json\/wp\/v2\/posts\/38784","targetHints":{"allow":["GET"]}}],"collection":[{"href":"https:\/\/www2.comunitaria.com.br\/en\/wp-json\/wp\/v2\/posts"}],"about":[{"href":"https:\/\/www2.comunitaria.com.br\/en\/wp-json\/wp\/v2\/types\/post"}],"author":[{"embeddable":true,"href":"https:\/\/www2.comunitaria.com.br\/en\/wp-json\/wp\/v2\/users\/2"}],"replies":[{"embeddable":true,"href":"https:\/\/www2.comunitaria.com.br\/en\/wp-json\/wp\/v2\/comments?post=38784"}],"version-history":[{"count":0,"href":"https:\/\/www2.comunitaria.com.br\/en\/wp-json\/wp\/v2\/posts\/38784\/revisions"}],"wp:featuredmedia":[{"embeddable":true,"href":"https:\/\/www2.comunitaria.com.br\/en\/wp-json\/wp\/v2\/media\/38785"}],"wp:attachment":[{"href":"https:\/\/www2.comunitaria.com.br\/en\/wp-json\/wp\/v2\/media?parent=38784"}],"wp:term":[{"taxonomy":"category","embeddable":true,"href":"https:\/\/www2.comunitaria.com.br\/en\/wp-json\/wp\/v2\/categories?post=38784"},{"taxonomy":"post_tag","embeddable":true,"href":"https:\/\/www2.comunitaria.com.br\/en\/wp-json\/wp\/v2\/tags?post=38784"}],"curies":[{"name":"wp","href":"https:\/\/api.w.org\/{rel}","templated":true}]}}