{"id":38777,"date":"2020-02-10T15:15:13","date_gmt":"2020-02-10T17:15:13","guid":{"rendered":"http:\/\/www2.comunitaria.com.br\/?p=38777"},"modified":"2020-02-10T15:15:13","modified_gmt":"2020-02-10T17:15:13","slug":"ametista-recebe-visita-da-comissao-organizadora-da-expofred","status":"publish","type":"post","link":"https:\/\/www2.comunitaria.com.br\/en\/ametista-recebe-visita-da-comissao-organizadora-da-expofred\/","title":{"rendered":"Ametista recebe visita da Comiss\u00e3o Organizadora da Expofred"},"content":{"rendered":"<p style=\"text-align: justify;\"><em>Prefeito Gilmar da Silva recebeu o grupo na quinta-feira, 6<\/em><\/p>\n<p style=\"text-align: justify;\">Na \u00faltima semana, foi a vez do munic\u00edpio de Ametista do Sul receber a visita da Comiss\u00e3o Organizadora da Expofred 2020. Na quinta-feira, 6, o encontro com o prefeito Gilmar da Silva aconteceu com o objetivo de estreitar ainda mais a rela\u00e7\u00e3o entre os dois munic\u00edpios, principalmente com rela\u00e7\u00e3o \u00e0 divulga\u00e7\u00e3o das potencialidades de Ametista, dentre elas a vinicultura, explora\u00e7\u00e3o e com\u00e9rcio de pedras, al\u00e9m do turismo que vem se fortalecendo a cada ano.<\/p>\n<p style=\"text-align: justify;\">O convite oficial ao prefeito para a participa\u00e7\u00e3o do munic\u00edpio na feira foi feito pelo presidente da Expofred 2020, Marcos Antonio Lima, o vice-presidente, Yuri Vendruscolo de Souza, o 1\u00ba secret\u00e1rio da feira, Paulo Ricardo Lima, e a agente de desenvolvimento coordenadora da Sala do Empreendedor, Denise Pinheiro, representando a Secretaria de Ind\u00fastria, Com\u00e9rcio e Turismo de FW. No encontro, foi discutido, ainda, sobre a import\u00e2ncia do fortalecimento do turismo da regi\u00e3o atrav\u00e9s dos investimentos constantes em infraestrutura e divulga\u00e7\u00e3o.<\/p>","protected":false},"excerpt":{"rendered":"<p>Prefeito Gilmar da Silva recebeu o grupo na quinta-feira, 6 Na \u00faltima semana, foi a vez do munic\u00edpio de Ametista do Sul receber a visita da Comiss\u00e3o Organizadora da Expofred&#8230;<\/p>","protected":false},"author":2,"featured_media":38778,"comment_status":"open","ping_status":"closed","sticky":false,"template":"","format":"standard","meta":{"ngg_post_thumbnail":0,"footnotes":""},"categories":[42,33,43],"tags":[1482],"class_list":["post-38777","post","type-post","status-publish","format-standard","has-post-thumbnail","hentry","category-fred-west","category-noticias","category-regiao","tag-expofred"],"amp_enabled":true,"_links":{"self":[{"href":"https:\/\/www2.comunitaria.com.br\/en\/wp-json\/wp\/v2\/posts\/38777","targetHints":{"allow":["GET"]}}],"collection":[{"href":"https:\/\/www2.comunitaria.com.br\/en\/wp-json\/wp\/v2\/posts"}],"about":[{"href":"https:\/\/www2.comunitaria.com.br\/en\/wp-json\/wp\/v2\/types\/post"}],"author":[{"embeddable":true,"href":"https:\/\/www2.comunitaria.com.br\/en\/wp-json\/wp\/v2\/users\/2"}],"replies":[{"embeddable":true,"href":"https:\/\/www2.comunitaria.com.br\/en\/wp-json\/wp\/v2\/comments?post=38777"}],"version-history":[{"count":0,"href":"https:\/\/www2.comunitaria.com.br\/en\/wp-json\/wp\/v2\/posts\/38777\/revisions"}],"wp:featuredmedia":[{"embeddable":true,"href":"https:\/\/www2.comunitaria.com.br\/en\/wp-json\/wp\/v2\/media\/38778"}],"wp:attachment":[{"href":"https:\/\/www2.comunitaria.com.br\/en\/wp-json\/wp\/v2\/media?parent=38777"}],"wp:term":[{"taxonomy":"category","embeddable":true,"href":"https:\/\/www2.comunitaria.com.br\/en\/wp-json\/wp\/v2\/categories?post=38777"},{"taxonomy":"post_tag","embeddable":true,"href":"https:\/\/www2.comunitaria.com.br\/en\/wp-json\/wp\/v2\/tags?post=38777"}],"curies":[{"name":"wp","href":"https:\/\/api.w.org\/{rel}","templated":true}]}}