{"id":38636,"date":"2020-01-29T14:53:48","date_gmt":"2020-01-29T16:53:48","guid":{"rendered":"http:\/\/www2.comunitaria.com.br\/?p=38636"},"modified":"2020-01-29T14:53:48","modified_gmt":"2020-01-29T16:53:48","slug":"inicia-o-ciclo-assemblear-da-sicredi-alto-uruguai-rs-sc-mg","status":"publish","type":"post","link":"https:\/\/www2.comunitaria.com.br\/en\/inicia-o-ciclo-assemblear-da-sicredi-alto-uruguai-rs-sc-mg\/","title":{"rendered":"Inicia o ciclo assemblear da Sicredi Alto Uruguai RS\/SC\/MG"},"content":{"rendered":"<p><em>Este \u00e9 o momento m\u00e1ximo de participa\u00e7\u00e3o e direcionamento do futuro da Cooperativa<\/em><\/p>\n<p style=\"text-align: justify;\">O Munic\u00edpio de Taquaru\u00e7u do Sul dar\u00e1 in\u00edcio \u00e0s assembleias da Sicredi Alto Uruguai RS\/SC\/MG, na pr\u00f3xima segunda-feira, 3. Elas ser\u00e3o promovidas em todos os munic\u00edpios que a Cooperativa possui ag\u00eancia, seguindo at\u00e9 dia 20 de mar\u00e7o, quando acontece a \u00faltima em Maravilha\/SC. Ap\u00f3s, para culminar o ciclo assemblear, ser\u00e1 realizada a assembleia geral, no dia 18 de abril, \u00e0s 10 horas, tendo como local o Centro de Eventos da Cooperativa em Rodeio Bonito.<\/p>\n<p style=\"text-align: justify;\">Neste ano, haver\u00e1 pauta extraordin\u00e1ria que vai tratar da reforma estatut\u00e1ria, e ordinariamente, a presta\u00e7\u00e3o de contas, a destina\u00e7\u00e3o dos resultados, a atualiza\u00e7\u00e3o de normativos, dentre outros assuntos. Na oportunidade, haver\u00e1 a elei\u00e7\u00e3o dos Coordenadores de N\u00facleo de todos os munic\u00edpios que estamos presentes. Esta elei\u00e7\u00e3o acontece sempre no ano posterior a escolha do Conselho de Administra\u00e7\u00e3o.<\/p>\n<p style=\"text-align: justify;\">Este \u00e9 o momento m\u00e1ximo de participa\u00e7\u00e3o e direcionamento do futuro da Cooperativa, j\u00e1 que permite a decis\u00e3o coletiva dos associados, que s\u00e3o considerados \u201cdonos do neg\u00f3cio\u201d. A presidente Angelita Marisa Cadon\u00e1, que conduzir\u00e1 as assembleias, destaca a import\u00e2ncia dos encontros&#8221;, refor\u00e7a a presidente.<\/p>\n<p>&nbsp;<\/p>\n<p style=\"text-align: justify;\"><strong>Cronograma de Assembleias \u2013 todas iniciam \u00e0s 19h:<\/strong><\/p>\n<p style=\"text-align: justify;\"><strong>Dia 3 de fevereiro:<\/strong> Taquaru\u00e7u do Sul\/RS, no CTG Porteira Aberta.<\/p>\n<p style=\"text-align: justify;\"><strong>Dia 4 de fevereiro:<\/strong> Vista Alegre\/RS, no Sal\u00e3o Paroquial.<\/p>\n<p style=\"text-align: justify;\"><strong>Dia 5 de fevereiro:<\/strong> Palmitinho\/RS, no CTG Est\u00e2ncia dos Carreteiros.<\/p>\n<p style=\"text-align: justify;\"><strong>Dia 7 de fevereiro:<\/strong> Vicente Dutra\/RS, no Sal\u00e3o Paroquial.<\/p>\n<p style=\"text-align: justify;\"><strong>Dia 11 de fevereiro:<\/strong> Palmitos\/SC, Centro Comunit\u00e1rio Evang\u00e9lico.<\/p>\n<p style=\"text-align: justify;\"><strong>Dia 12 de fevereiro:<\/strong> Novo Tiradentes\/RS, Pavilh\u00e3o da Comunidade Nossa Senhora de Lurdes.<\/p>\n<p style=\"text-align: justify;\"><strong>Dia 13 de fevereiro:<\/strong> Alpestre\/RS, no Sal\u00e3o Paroquial.<\/p>\n<p style=\"text-align: justify;\"><strong>Dia 14 de fevereiro:<\/strong> Cristal do Sul\/RS, no Gin\u00e1sio da Comunidade Imaculada Concei\u00e7\u00e3o.<\/p>\n<p style=\"text-align: justify;\"><strong>Dia 17 de fevereiro:<\/strong> Planalto\/RS, no Sal\u00e3o Paroquial.<\/p>\n<p style=\"text-align: justify;\"><strong>Dia 18 de fevereiro:<\/strong> Ametista do Sul\/RS, no Sal\u00e3o Paroquial.<\/p>\n<p style=\"text-align: justify;\"><strong>Dia 19 de fevereiro:<\/strong> Cai\u00e7ara\/RS, no Sal\u00e3o Paroquial.<\/p>\n<p style=\"text-align: justify;\"><strong>Dia 20 de fevereiro:<\/strong> S\u00e3o Carlos\/SC, no Sal\u00e3o Paroquial.<\/p>\n<p style=\"text-align: justify;\"><strong>Dia 21 de fevereiro:<\/strong> Erval Seco\/RS, no Pavilh\u00e3o da Igreja Luterana.<\/p>\n<p style=\"text-align: justify;\"><strong>Dia 27 de fevereiro:<\/strong> Seberi\/RS, no Sal\u00e3o Paroquial.<\/p>\n<p style=\"text-align: justify;\"><strong>Dia 28 de fevereiro:<\/strong> Rodeio Bonito\/RS, no Centro de Eventos da Sicredi.<\/p>\n<p style=\"text-align: justify;\"><strong>Dia 2 de mar\u00e7o:<\/strong> Frederico Westphalen\/RS, no Sal\u00e3o do Bairro Aparecida.<\/p>\n<p style=\"text-align: justify;\"><strong>Dia 3 de mar\u00e7o:<\/strong> Saudades\/SC, no M\u00f3dulo Esportivo de Saudades.<\/p>\n<p style=\"text-align: justify;\"><strong>Dia 4 de mar\u00e7o:<\/strong> Caibi\/SC, no Sal\u00e3o Paroquial.<\/p>\n<p style=\"text-align: justify;\"><strong>Dia 5 de mar\u00e7o:<\/strong> Cunha Por\u00e3\/SC, no SER Auriverde.<\/p>\n<p style=\"text-align: justify;\"><strong>Dia 6 de mar\u00e7o:<\/strong> Ira\u00ed\/RS, no CTG Minuano.<\/p>\n<p style=\"text-align: justify;\"><strong>Dia 9 de mar\u00e7o:<\/strong> Pouso Alegre\/MG.<\/p>\n<p style=\"text-align: justify;\"><strong>Dia 10 de mar\u00e7o:<\/strong> Itajub\u00e1\/MG, no Teatro Municipal Christiane Ri\u00eara.<\/p>\n<p style=\"text-align: justify;\"><strong>Dia 11 de mar\u00e7o:<\/strong> Santa Rita do Sapuca\u00ed\/MG.<\/p>\n<p style=\"text-align: justify;\"><strong>Dia 12 de mar\u00e7o:<\/strong> Extrema\/MG \u2013 apresenta\u00e7\u00e3o da Cooperativa.<\/p>\n<p style=\"text-align: justify;\"><strong>Dia 13 de mar\u00e7o:<\/strong> Cambu\u00ed\/MG \u2013 apresenta\u00e7\u00e3o da Cooperativa.<\/p>\n<p style=\"text-align: justify;\"><strong>Dia 16 de mar\u00e7o:<\/strong> Cerro Grande\/RS, no Sal\u00e3o Paroquial.<\/p>\n<p style=\"text-align: justify;\"><strong>Dia 17 de mar\u00e7o:<\/strong> Pinhal\/RS, no Gin\u00e1sio Municipal 29 de Abril.<\/p>\n<p style=\"text-align: justify;\"><strong>Dia 18 de mar\u00e7o:<\/strong> Pinhalzinho\/SC, no Sal\u00e3o Paroquial.<\/p>\n<p style=\"text-align: justify;\"><strong>Dia 19 de mar\u00e7o:<\/strong> Pinheirinho do Vale\/RS, no Esporte Clube Harmonia.<\/p>\n<p style=\"text-align: justify;\"><strong>Dia 20 de mar\u00e7o:<\/strong> Maravilha\/SC, no Sal\u00e3o da Comunidade Evang\u00e9lica.<\/p>","protected":false},"excerpt":{"rendered":"<p>Este \u00e9 o momento m\u00e1ximo de participa\u00e7\u00e3o e direcionamento do futuro da Cooperativa O Munic\u00edpio de Taquaru\u00e7u do Sul dar\u00e1 in\u00edcio \u00e0s assembleias da Sicredi Alto Uruguai RS\/SC\/MG, na pr\u00f3xima&#8230;<\/p>","protected":false},"author":2,"featured_media":38637,"comment_status":"open","ping_status":"closed","sticky":false,"template":"","format":"standard","meta":{"ngg_post_thumbnail":0,"footnotes":""},"categories":[33],"tags":[218],"class_list":["post-38636","post","type-post","status-publish","format-standard","has-post-thumbnail","hentry","category-noticias","tag-sicredi"],"amp_enabled":true,"_links":{"self":[{"href":"https:\/\/www2.comunitaria.com.br\/en\/wp-json\/wp\/v2\/posts\/38636","targetHints":{"allow":["GET"]}}],"collection":[{"href":"https:\/\/www2.comunitaria.com.br\/en\/wp-json\/wp\/v2\/posts"}],"about":[{"href":"https:\/\/www2.comunitaria.com.br\/en\/wp-json\/wp\/v2\/types\/post"}],"author":[{"embeddable":true,"href":"https:\/\/www2.comunitaria.com.br\/en\/wp-json\/wp\/v2\/users\/2"}],"replies":[{"embeddable":true,"href":"https:\/\/www2.comunitaria.com.br\/en\/wp-json\/wp\/v2\/comments?post=38636"}],"version-history":[{"count":0,"href":"https:\/\/www2.comunitaria.com.br\/en\/wp-json\/wp\/v2\/posts\/38636\/revisions"}],"wp:featuredmedia":[{"embeddable":true,"href":"https:\/\/www2.comunitaria.com.br\/en\/wp-json\/wp\/v2\/media\/38637"}],"wp:attachment":[{"href":"https:\/\/www2.comunitaria.com.br\/en\/wp-json\/wp\/v2\/media?parent=38636"}],"wp:term":[{"taxonomy":"category","embeddable":true,"href":"https:\/\/www2.comunitaria.com.br\/en\/wp-json\/wp\/v2\/categories?post=38636"},{"taxonomy":"post_tag","embeddable":true,"href":"https:\/\/www2.comunitaria.com.br\/en\/wp-json\/wp\/v2\/tags?post=38636"}],"curies":[{"name":"wp","href":"https:\/\/api.w.org\/{rel}","templated":true}]}}