{"id":38633,"date":"2020-01-28T18:23:34","date_gmt":"2020-01-28T20:23:34","guid":{"rendered":"http:\/\/www2.comunitaria.com.br\/?p=38633"},"modified":"2020-01-28T18:23:35","modified_gmt":"2020-01-28T20:23:35","slug":"ultimos-estandes-da-expofred-2020-estao-sendo-comercializados","status":"publish","type":"post","link":"https:\/\/www2.comunitaria.com.br\/en\/ultimos-estandes-da-expofred-2020-estao-sendo-comercializados\/","title":{"rendered":"\u00daltimos estandes da Expofred 2020 est\u00e3o sendo comercializados"},"content":{"rendered":"<p style=\"text-align: justify;\"><em>Mesmo com 50 novos espa\u00e7os nesta edi\u00e7\u00e3o da feira, quase todos os estandes j\u00e1 foram negociados para expositores locais e regionais<\/em><\/p>\n<p style=\"text-align: justify;\">H\u00e1 3 meses para a realiza\u00e7\u00e3o da maior feira multissetorial da regi\u00e3o, a Comiss\u00e3o Central da Expofred 2020 divulgou a informa\u00e7\u00e3o de que quase todos os estandes j\u00e1 foram comercializados. Segundo o presidente, Marcos Antonio Lima, desde a abertura das vendas houve uma grande procura, tanto de empresas locais quanto de outros munic\u00edpios, regi\u00f5es e estados.<\/p>\n<p style=\"text-align: justify;\">\u201cAt\u00e9 o momento, buscamos dar prefer\u00eancia e reservar os espa\u00e7os para expositores locais, pois nosso objetivo \u00e9 fortalecer ainda mais o com\u00e9rcio e ind\u00fastria da nossa regi\u00e3o. Neste ano, h\u00e1 uma grande variedade de produtos e servi\u00e7os, resultado da visibilidade e fortalecimento da marca Expofred a cada ano\u201d, destaca o presidente da Expofred, Marcos Antonio Lima.<\/p>\n<p style=\"text-align: justify;\">Os espa\u00e7os est\u00e3o sendo comercializados pelo Departamento Comercial diretamente no escrit\u00f3rio da feira, situado na Rua do Com\u00e9rcio, 1013, Centro de FW (T\u00e9rreo da ACIFW), ou atrav\u00e9s do telefone (55) 3744.1148.<\/p>","protected":false},"excerpt":{"rendered":"<p>Mesmo com 50 novos espa\u00e7os nesta edi\u00e7\u00e3o da feira, quase todos os estandes j\u00e1 foram negociados para expositores locais e regionais H\u00e1 3 meses para a realiza\u00e7\u00e3o da maior feira multissetorial da regi\u00e3o, a Comiss\u00e3o Central da Expofred 2020 divulgou a informa\u00e7\u00e3o de que quase todos os estandes j\u00e1 foram comercializados. Segundo o presidente, Marcos<\/p>\n<div class=\"read-more-wrapper\"><a class=\"read-more\" href=\"https:\/\/www2.comunitaria.com.br\/en\/ultimos-estandes-da-expofred-2020-estao-sendo-comercializados\/\" title=\"Read More\"> <span class=\"button\">Read More<\/span><\/a><\/div>","protected":false},"author":2,"featured_media":36579,"comment_status":"open","ping_status":"closed","sticky":false,"template":"","format":"standard","meta":{"ngg_post_thumbnail":0,"footnotes":""},"categories":[33],"tags":[2403,1482],"class_list":["post-38633","post","type-post","status-publish","format-standard","has-post-thumbnail","hentry","category-noticias","tag-estandes","tag-expofred"],"amp_enabled":true,"_links":{"self":[{"href":"https:\/\/www2.comunitaria.com.br\/en\/wp-json\/wp\/v2\/posts\/38633","targetHints":{"allow":["GET"]}}],"collection":[{"href":"https:\/\/www2.comunitaria.com.br\/en\/wp-json\/wp\/v2\/posts"}],"about":[{"href":"https:\/\/www2.comunitaria.com.br\/en\/wp-json\/wp\/v2\/types\/post"}],"author":[{"embeddable":true,"href":"https:\/\/www2.comunitaria.com.br\/en\/wp-json\/wp\/v2\/users\/2"}],"replies":[{"embeddable":true,"href":"https:\/\/www2.comunitaria.com.br\/en\/wp-json\/wp\/v2\/comments?post=38633"}],"version-history":[{"count":0,"href":"https:\/\/www2.comunitaria.com.br\/en\/wp-json\/wp\/v2\/posts\/38633\/revisions"}],"wp:featuredmedia":[{"embeddable":true,"href":"https:\/\/www2.comunitaria.com.br\/en\/wp-json\/wp\/v2\/media\/36579"}],"wp:attachment":[{"href":"https:\/\/www2.comunitaria.com.br\/en\/wp-json\/wp\/v2\/media?parent=38633"}],"wp:term":[{"taxonomy":"category","embeddable":true,"href":"https:\/\/www2.comunitaria.com.br\/en\/wp-json\/wp\/v2\/categories?post=38633"},{"taxonomy":"post_tag","embeddable":true,"href":"https:\/\/www2.comunitaria.com.br\/en\/wp-json\/wp\/v2\/tags?post=38633"}],"curies":[{"name":"wp","href":"https:\/\/api.w.org\/{rel}","templated":true}]}}