{"id":38576,"date":"2020-01-24T16:10:13","date_gmt":"2020-01-24T18:10:13","guid":{"rendered":"http:\/\/www2.comunitaria.com.br\/?p=38576"},"modified":"2020-01-24T16:10:13","modified_gmt":"2020-01-24T18:10:13","slug":"beneficiarios-do-bolsa-familia-participam-de-encontro","status":"publish","type":"post","link":"https:\/\/www2.comunitaria.com.br\/en\/beneficiarios-do-bolsa-familia-participam-de-encontro\/","title":{"rendered":"Benefici\u00e1rios do Bolsa Fam\u00edlia participam de encontro"},"content":{"rendered":"<p style=\"text-align: justify;\">Com o objetivo de incentivar a atualiza\u00e7\u00e3o cadastral e refletir sobre as escolhas e decis\u00f5es familiares, foi realizada na ter\u00e7a-feira, 21, a reuni\u00e3o mensal de acompanhamento com os benefici\u00e1rios do Cadastro \u00danico\/Programa Bolsa Fam\u00edlia do Centro de Refer\u00eancia de Assist\u00eancia Social (Cras) de Frederico Westphalen.<\/p>\n<p style=\"text-align: justify;\">O encontro foi realizado no Sindicato dos Trabalhadores Rurais (STR) de Frederico Westphalen e contou com a presen\u00e7a da psic\u00f3loga do Cras, C\u00e1tia Dalla Valle, que realizou uma conversa sobre as rela\u00e7\u00f5es interpessoais e familiares com os benefici\u00e1rios.<\/p>\n<p style=\"text-align: justify;\">O pr\u00f3ximo encontro ser\u00e1 no dia 18 de fevereiro em duas turmas, \u00e0s 9 horas e \u00e0s 13h30min, no Sindicato dos Trabalhadores Rurais. Mais informa\u00e7\u00f5es podem ser adquiridas com a equipe do Centro Profissionalizante e de Integra\u00e7\u00e3o Social (Cepis), por meio do telefone (55) 3744-6131.<\/p>","protected":false},"excerpt":{"rendered":"<p>Com o objetivo de incentivar a atualiza\u00e7\u00e3o cadastral e refletir sobre as escolhas e decis\u00f5es familiares, foi realizada na ter\u00e7a-feira, 21, a reuni\u00e3o mensal de acompanhamento com os benefici\u00e1rios do Cadastro \u00danico\/Programa Bolsa Fam\u00edlia do Centro de Refer\u00eancia de Assist\u00eancia Social (Cras) de Frederico Westphalen. O encontro foi realizado no Sindicato dos Trabalhadores Rurais (STR)<\/p>\n<div class=\"read-more-wrapper\"><a class=\"read-more\" href=\"https:\/\/www2.comunitaria.com.br\/en\/beneficiarios-do-bolsa-familia-participam-de-encontro\/\" title=\"Read More\"> <span class=\"button\">Read More<\/span><\/a><\/div>","protected":false},"author":2,"featured_media":38577,"comment_status":"open","ping_status":"closed","sticky":false,"template":"","format":"standard","meta":{"ngg_post_thumbnail":0,"footnotes":""},"categories":[42,28,33],"tags":[4509,533],"class_list":["post-38576","post","type-post","status-publish","format-standard","has-post-thumbnail","hentry","category-fred-west","category-destaque","category-noticias","tag-beneficiarios","tag-bolsa-familia"],"amp_enabled":true,"_links":{"self":[{"href":"https:\/\/www2.comunitaria.com.br\/en\/wp-json\/wp\/v2\/posts\/38576","targetHints":{"allow":["GET"]}}],"collection":[{"href":"https:\/\/www2.comunitaria.com.br\/en\/wp-json\/wp\/v2\/posts"}],"about":[{"href":"https:\/\/www2.comunitaria.com.br\/en\/wp-json\/wp\/v2\/types\/post"}],"author":[{"embeddable":true,"href":"https:\/\/www2.comunitaria.com.br\/en\/wp-json\/wp\/v2\/users\/2"}],"replies":[{"embeddable":true,"href":"https:\/\/www2.comunitaria.com.br\/en\/wp-json\/wp\/v2\/comments?post=38576"}],"version-history":[{"count":0,"href":"https:\/\/www2.comunitaria.com.br\/en\/wp-json\/wp\/v2\/posts\/38576\/revisions"}],"wp:featuredmedia":[{"embeddable":true,"href":"https:\/\/www2.comunitaria.com.br\/en\/wp-json\/wp\/v2\/media\/38577"}],"wp:attachment":[{"href":"https:\/\/www2.comunitaria.com.br\/en\/wp-json\/wp\/v2\/media?parent=38576"}],"wp:term":[{"taxonomy":"category","embeddable":true,"href":"https:\/\/www2.comunitaria.com.br\/en\/wp-json\/wp\/v2\/categories?post=38576"},{"taxonomy":"post_tag","embeddable":true,"href":"https:\/\/www2.comunitaria.com.br\/en\/wp-json\/wp\/v2\/tags?post=38576"}],"curies":[{"name":"wp","href":"https:\/\/api.w.org\/{rel}","templated":true}]}}