{"id":38561,"date":"2020-01-23T15:19:07","date_gmt":"2020-01-23T17:19:07","guid":{"rendered":"http:\/\/www2.comunitaria.com.br\/?p=38561"},"modified":"2020-01-23T15:19:27","modified_gmt":"2020-01-23T17:19:27","slug":"rede-de-farmacias-sao-joao-adere-ao-projeto-uniao-10-anos","status":"publish","type":"post","link":"https:\/\/www2.comunitaria.com.br\/en\/rede-de-farmacias-sao-joao-adere-ao-projeto-uniao-10-anos\/","title":{"rendered":"Rede de Farm\u00e1cias S\u00e3o Jo\u00e3o adere ao projeto Uni\u00e3o 10 anos"},"content":{"rendered":"<p style=\"text-align: justify;\">O Uni\u00e3o Frederiquense segue construindo importantes ades\u00f5es ao projeto Uni\u00e3o 10 Anos. Desta vez o \u201cmartelo foi batido\u201d com a&nbsp;Rede de Farm\u00e1cias S\u00e3o Jo\u00e3o.<\/p>\n<p style=\"text-align: justify;\">O firmamento da parceria foi realizado na matriz da empresa, em Passo Fundo. A Rede de Farm\u00e1cias S\u00e3o Jo\u00e3o conta com 704 lojas, distribu\u00eddas nos estados do Rio Grande do Sul, Santa Catarina e Paran\u00e1.<\/p>\n<p style=\"text-align: justify;\">&nbsp;\u2013 Nos sentimos muito honrados em fazer parte dessa a\u00e7\u00e3o do Uni\u00e3o Frederiquense e, desde j\u00e1, desejamos muito sucesso ao clube nesta temporada em que ele completa 10 anos \u2013, comentou Pedro Henrique Brair, diretor-presidente da empresa.<\/p>\n<p style=\"text-align: justify;\">Com a ades\u00e3o da Rede de Farm\u00e1cias S\u00e3o Jo\u00e3o, o Uni\u00e3o Frederiquense j\u00e1 conta com 36 m\u00eddias premiadas executadas. A meta do clube \u00e9 chegar em 78. Maiores informa\u00e7\u00f5es sobre o projeto podem ser obtidas pelo telefone (55) 3744-2333.<\/p>","protected":false},"excerpt":{"rendered":"<p>O Uni\u00e3o Frederiquense segue construindo importantes ades\u00f5es ao projeto Uni\u00e3o 10 Anos. Desta vez o \u201cmartelo foi batido\u201d com a&nbsp;Rede de Farm\u00e1cias S\u00e3o Jo\u00e3o. O firmamento da parceria foi realizado&#8230;<\/p>","protected":false},"author":2,"featured_media":38562,"comment_status":"open","ping_status":"closed","sticky":false,"template":"","format":"standard","meta":{"ngg_post_thumbnail":0,"footnotes":""},"categories":[34,42,48],"tags":[],"class_list":["post-38561","post","type-post","status-publish","format-standard","has-post-thumbnail","hentry","category-esportes","category-fred-west","category-uniao-frederiquense"],"amp_enabled":true,"_links":{"self":[{"href":"https:\/\/www2.comunitaria.com.br\/en\/wp-json\/wp\/v2\/posts\/38561","targetHints":{"allow":["GET"]}}],"collection":[{"href":"https:\/\/www2.comunitaria.com.br\/en\/wp-json\/wp\/v2\/posts"}],"about":[{"href":"https:\/\/www2.comunitaria.com.br\/en\/wp-json\/wp\/v2\/types\/post"}],"author":[{"embeddable":true,"href":"https:\/\/www2.comunitaria.com.br\/en\/wp-json\/wp\/v2\/users\/2"}],"replies":[{"embeddable":true,"href":"https:\/\/www2.comunitaria.com.br\/en\/wp-json\/wp\/v2\/comments?post=38561"}],"version-history":[{"count":0,"href":"https:\/\/www2.comunitaria.com.br\/en\/wp-json\/wp\/v2\/posts\/38561\/revisions"}],"wp:featuredmedia":[{"embeddable":true,"href":"https:\/\/www2.comunitaria.com.br\/en\/wp-json\/wp\/v2\/media\/38562"}],"wp:attachment":[{"href":"https:\/\/www2.comunitaria.com.br\/en\/wp-json\/wp\/v2\/media?parent=38561"}],"wp:term":[{"taxonomy":"category","embeddable":true,"href":"https:\/\/www2.comunitaria.com.br\/en\/wp-json\/wp\/v2\/categories?post=38561"},{"taxonomy":"post_tag","embeddable":true,"href":"https:\/\/www2.comunitaria.com.br\/en\/wp-json\/wp\/v2\/tags?post=38561"}],"curies":[{"name":"wp","href":"https:\/\/api.w.org\/{rel}","templated":true}]}}