{"id":38551,"date":"2020-01-22T11:52:24","date_gmt":"2020-01-22T13:52:24","guid":{"rendered":"http:\/\/www2.comunitaria.com.br\/?p=38551"},"modified":"2020-01-22T11:54:34","modified_gmt":"2020-01-22T13:54:34","slug":"mesmo-sem-ser-investigado-jornalista-gleen-greenwald-e-denunciado-pelo-mpf","status":"publish","type":"post","link":"https:\/\/www2.comunitaria.com.br\/en\/mesmo-sem-ser-investigado-jornalista-gleen-greenwald-e-denunciado-pelo-mpf\/","title":{"rendered":"Mesmo sem ser investigado, jornalista Gleen Greenwald \u00e9 denunciado pelo MPF"},"content":{"rendered":"<p>O jornalista Glenn Greenwald, editor do&nbsp;<em>The Intercept Brasil<\/em>, foi&nbsp;<a href=\"http:\/\/www.mpf.mp.br\/df\/sala-de-imprensa\/docs\/denuncia-spoofing\" target=\"_blank\" rel=\"noopener noreferrer\">denunciado por associa\u00e7\u00e3o criminosa&nbsp;<\/a>nesta ter\u00e7a-feira (21). Ele \u00e9 acusado pelo Minist\u00e9rio P\u00fablico Federal (MPF) de ajudar na invas\u00e3o de celulares de autoridades brasileiras. Outras seis pessoas foram conjuntamente denunciadas.<\/p>\n<p style=\"text-align: justify;\">Greenwald \u00e9 um dos autores da&nbsp;<a href=\"https:\/\/www.brasildefato.com.br\/2019\/09\/10\/para-editor-do-intercept-processo-contra-lula-precisa-ser-revisto\/\" target=\"_blank\" rel=\"noopener noreferrer\">s\u00e9rie de reportagens&nbsp;<em>Vaza Jato<\/em><\/a>, publicada pelo&nbsp;<em>Intercept<\/em>&nbsp;desde o ano passado, em que di\u00e1logos demonstram um conluio entre figuras da Justi\u00e7a como o ex-juiz e atual ministro S\u00e9rgio Moro e o procurador Deltan Dallagnol para orientar o andamento de processos da Opera\u00e7\u00e3o Lava Jato. Pelas s\u00e9rie de publica\u00e7\u00f5es, o editor recebeu o Pr\u00eamio Especial Vladimir Herzog 2019, durante a cerim\u00f4nia do 41\u00ba&nbsp;Pr\u00eamio Jornal\u00edstico Vladimir Herzog de Anistia e Direitos Humanos no \u00faltimo m\u00eas de outubro.<\/p>\n<p style=\"text-align: justify;\">Segundo o MPF, o jornalista \u201cauxiliou, incentivou e orientou o grupo durante o per\u00edodo das invas\u00f5es\u201d. Ele n\u00e3o era inicialmente investigado no caso, mas foi denunciado ap\u00f3s an\u00e1lise de um notebook apreendido. De acordo com a Procuradoria, um di\u00e1logo encontrado entre&nbsp;Glenn&nbsp;e Luiz Moli\u00e7\u00e3o, um dos denunciados, demonstra a participa\u00e7\u00e3o do editor nos crimes e o coloca entre os investigados.<\/p>\n<p style=\"text-align: justify;\">Ainda de acordo com o Minist\u00e9rio P\u00fablico, a conversa foi realizada ap\u00f3s a divulga\u00e7\u00e3o dos primeiros di\u00e1logos de Moro pelo&nbsp;<em>Intercept<\/em>. Conforme a den\u00fancia, Glenn&nbsp;recebeu as mensagens enquanto os crimes ainda eram praticados e indicou que o grupo respons\u00e1vel por obter as mensagens deveria apag\u00e1-las \u201ccaracterizando clara conduta de participa\u00e7\u00e3o auxiliar no delito, buscando subverter a ideia de prote\u00e7\u00e3o a&nbsp;fonte jornal\u00edstica em uma imunidade para orienta\u00e7\u00e3o de criminosos\u201d.<\/p>\n<p style=\"text-align: justify;\">O site&nbsp;<em>The Intercept Brasil&nbsp;<\/em>se posicionou sobre a den\u00fancia na tarde desta ter\u00e7a-feira&nbsp;(21). A equipe do site jornal\u00edstico afirma que os di\u00e1logos utilizados pelo MPF s\u00e3o os mesmos que j\u00e1 haviam sido analisados pela Pol\u00edcia Federal durante a opera\u00e7\u00e3o Spoofing, &#8220;acerca dos quais a PF n\u00e3o imputou qualquer conduta criminosa a Glenn. &#8220;Causa perplexidade que o Minist\u00e9rio P\u00fablico Federal se preste a um papel claramente pol\u00edtico, na contram\u00e3o do inqu\u00e9rito da pr\u00f3pria Pol\u00edcia Federal. N\u00f3s do Intercept vemos nessa a\u00e7\u00e3o uma tentativa de criminalizar n\u00e3o somente o nosso trabalho, mas de todo o jornalismo brasileiro. N\u00e3o existe democracia sem jornalismo cr\u00edtico e livre. A sociedade brasileira n\u00e3o pode aceitar abusos de poder como esse&#8221;, diz o texto distribu\u00eddo \u00e0 imprensa pela equipe do site.<\/p>\n<p style=\"text-align: justify;\">A defesa do jornalista Glenn Greenwald tamb\u00e9m se manifestou acerca da den\u00fancia, em nota assinada&nbsp;pelos advogados Rafael Borges e Rafael Fagundes. No texto eles afirmam que receberam com perplexidade a informa\u00e7\u00e3o de que h\u00e1 uma den\u00fancia contra o jornalista. Os advogados afirmam que a medida desrespeita a autoridade da medida cautelar concedida na&nbsp;Argui\u00e7\u00e3o de Descumprimento de Preceito Fundamental (ADPF) n\u00ba 601, do Supremo Tribunal Federal (STF). &#8220;Seu objetivo \u00e9 depreciar o trabalho jornal\u00edstico de divulga\u00e7\u00e3o de mensagens realizado pela equipe do&nbsp;<em>The Intercept Brasil&nbsp;<\/em>em parceria com outros ve\u00edculos da m\u00eddia nacional e estrangeira&#8221;, diz o texto.<\/p>\n<p style=\"text-align: justify;\">Os advogados de Greenwald&nbsp;preparam uma&nbsp;medida judicial e acionar\u00e3o a&nbsp;Associa\u00e7\u00e3o Brasileira de Imprensa (ABI) a intervir em defesa do jornalista. A Associa\u00e7\u00e3o Brasileira de Jornalismo Investigativo (Abraji) se posicionou&nbsp;por meio de nota publicada&nbsp;em seu site. No texto a Abraji afirma&nbsp;que a&nbsp;<a href=\"https:\/\/abraji.org.br\/denuncia-do-mpf-contra-greenwald-viola-a-liberdade-de-imprensa\" target=\"_blank\" rel=\"noopener noreferrer\">den\u00fancia do MPF viola a liberdade de imprensa<\/a>&nbsp;por estar &#8220;baseada em uma interpreta\u00e7\u00e3o distorcida das conversas do jornalista com sua ent\u00e3o fonte&#8221;, diz o texto.<\/p>\n<p style=\"text-align: justify;\">A Abraji afirma que a den\u00fancia tem como \u00fanico prop\u00f3sito constranger o profissional e aponta que no texto do MPF, por duas vezes, o procurador refere-se a Greenwald com o termo jornalista entre aspas,&nbsp;&nbsp;&#8220;como se ele n\u00e3o se qualificasse como tal &#8211; e como se coubesse a um membro do MPF definir quem \u00e9 ou n\u00e3o jornalista&#8221;.<\/p>\n<p style=\"text-align: justify;\">&#8220;\u00c9 um absurdo que o Minist\u00e9rio P\u00fablico Federal abuse de suas fun\u00e7\u00f5es para perseguir um jornalista e, assim, violar o direito dos brasileiros de viver em um pa\u00eds com imprensa livre e capaz de expor desvios de agentes p\u00fablicos. A Abraji repudia a den\u00fancia e apela \u00e0 Justi\u00e7a Federal para que a rejeite, em respeito n\u00e3o apenas \u00e0 Constitui\u00e7\u00e3o, mas \u00e0 l\u00f3gica&#8221;, diz o texto.<\/p>\n<p style=\"text-align: justify;\">A Abraji aponta que os di\u00e1logos apresentados como provas n\u00e3o confirmam as acusa\u00e7\u00f5es do promotor. Segundo a associa\u00e7\u00e3o, o jornalista apenas diz que j\u00e1 armazenou as mensagens em local seguro, que n\u00e3o v\u00ea necessidade de o grupo manter os arquivos e manifesta preocupa\u00e7\u00e3o em proteger a identidade do grupo de Moli\u00e7\u00e3o como fonte das reportagens. &#8220;Greenwald n\u00e3o sugere, orienta ou ordena a destrui\u00e7\u00e3o do material&#8221;, diz a nota.<\/p>\n<p class=\"ckeditor-subtitle\" style=\"text-align: justify;\">Opera\u00e7\u00e3o Spoofing<\/p>\n<p style=\"text-align: justify;\">A&nbsp;<em>Opera\u00e7\u00e3o Spoofing<\/em>, como foi batizada a investiga\u00e7\u00e3o sobre invas\u00e3o de autoridades, apura a pr\u00e1tica de organiza\u00e7\u00e3o criminosa, lavagem de dinheiro, bem como as intercepta\u00e7\u00f5es telef\u00f4nicas engendradas pelos investigados.<\/p>\n<p style=\"text-align: justify;\">O MPF afirma que, durante o processo, foram comprovadas 126 intercepta\u00e7\u00f5es telef\u00f4nicas, telem\u00e1ticas ou de inform\u00e1tica e 176 invas\u00f5es de dispositivos inform\u00e1ticos de terceiros, resultando na obten\u00e7\u00e3o de informa\u00e7\u00f5es sigilosas. Com exce\u00e7\u00e3o de Glenn, todos os outros denunciados responder\u00e3o pelo crime de lavagem de dinheiro e associa\u00e7\u00e3o criminosa.<\/p>\n<p class=\"ckeditor-subtitle\" style=\"text-align: justify;\">Confira a \u00edntegra da nota do&nbsp;<em>The Intercept Brasil&nbsp;<\/em><\/p>\n<p style=\"text-align: justify;\"><em>1. Os di\u00e1logos utilizados pelo MPF na den\u00fancia s\u00e3o rigorosamente os mesmos que j\u00e1 haviam sido analisados pela Pol\u00edcia Federal durante a opera\u00e7\u00e3o Spoofing, e acerca dos quais a PF n\u00e3o imputou qualquer conduta criminosa a Glenn.<\/em><\/p>\n<p>2. A PF concluiu: &#8220;N\u00e3o \u00e9 poss\u00edvel identificar a participa\u00e7\u00e3o moral e material do jornalista Glenn Greenwald nos crimes investigados&#8221;.<\/p>\n<p>3. A PF destaca, inclusive, a &#8220;postura cuidadosa e distante em rela\u00e7\u00e3o \u00e0 execu\u00e7\u00e3o das invas\u00f5es&#8221; por parte do jornalista co-fundador do Intercept.<\/p>\n<p>4. Glenn Greenwald n\u00e3o foi sequer investigado pela PF, pois n\u00e3o existiam contra ele os m\u00ednimos ind\u00edcios de cometimento de crimes.<\/p>\n<p>5. Causa perplexidade que o Minist\u00e9rio P\u00fablico Federal se preste a um papel claramente pol\u00edtico, na contram\u00e3o do inqu\u00e9rito da pr\u00f3pria Pol\u00edcia Federal.<\/p>\n<p><em>6. N\u00f3s do Intercept vemos nessa a\u00e7\u00e3o uma tentativa de criminalizar n\u00e3o somente o nosso trabalho, mas de todo o jornalismo brasileiro. N\u00e3o existe democracia sem jornalismo cr\u00edtico e livre. A sociedade brasileira n\u00e3o pode aceitar abusos de poder como esse.<\/em><\/p>\n<p class=\"ckeditor-subtitle\" style=\"text-align: justify;\">Confira a \u00edntegra da nota da defesa do jornalista Glenn Greenwald<\/p>\n<p style=\"text-align: justify;\"><em>Recebemos com perplexidade a informa\u00e7\u00e3o de que h\u00e1 uma den\u00fancia contra o jornalista Glenn Grenwald, cofundador do The Intercept. Trata-se de um expediente tosco que visa desrespeitar a autoridade da medida cautelar concedida na Argui\u00e7\u00e3o de Descumprimento de Preceito Fundamental (ADPF) n\u00ba 601, do Supremo Tribunal Federal, para al\u00e9m de ferir a liberdade de imprensa e servir como instrumento de disputa pol\u00edtica. Seu objetivo \u00e9 depreciar o trabalho jornal\u00edstico de divulga\u00e7\u00e3o de mensagens realizado pela equipe do The Intercept Brasil em parceria com outros ve\u00edculos da m\u00eddia nacional e estrangeira. Os advogados de Glenn Grenwald preparam a medida judicial cab\u00edvel e pedir\u00e3o que a Associa\u00e7\u00e3o Brasileira de Imprensa, por sua import\u00e2ncia e representatividade, cerre fileiras em defesa do jornalista agredido.<br \/>\n<\/em><\/p>","protected":false},"excerpt":{"rendered":"<p>O jornalista Glenn Greenwald, editor do&nbsp;The Intercept Brasil, foi&nbsp;denunciado por associa\u00e7\u00e3o criminosa&nbsp;nesta ter\u00e7a-feira (21). Ele \u00e9 acusado pelo Minist\u00e9rio P\u00fablico Federal (MPF) de ajudar na invas\u00e3o de celulares de autoridades&#8230;<\/p>","protected":false},"author":2,"featured_media":38553,"comment_status":"open","ping_status":"closed","sticky":false,"template":"","format":"standard","meta":{"ngg_post_thumbnail":0,"footnotes":""},"categories":[33],"tags":[],"class_list":["post-38551","post","type-post","status-publish","format-standard","has-post-thumbnail","hentry","category-noticias"],"amp_enabled":true,"_links":{"self":[{"href":"https:\/\/www2.comunitaria.com.br\/en\/wp-json\/wp\/v2\/posts\/38551","targetHints":{"allow":["GET"]}}],"collection":[{"href":"https:\/\/www2.comunitaria.com.br\/en\/wp-json\/wp\/v2\/posts"}],"about":[{"href":"https:\/\/www2.comunitaria.com.br\/en\/wp-json\/wp\/v2\/types\/post"}],"author":[{"embeddable":true,"href":"https:\/\/www2.comunitaria.com.br\/en\/wp-json\/wp\/v2\/users\/2"}],"replies":[{"embeddable":true,"href":"https:\/\/www2.comunitaria.com.br\/en\/wp-json\/wp\/v2\/comments?post=38551"}],"version-history":[{"count":0,"href":"https:\/\/www2.comunitaria.com.br\/en\/wp-json\/wp\/v2\/posts\/38551\/revisions"}],"wp:featuredmedia":[{"embeddable":true,"href":"https:\/\/www2.comunitaria.com.br\/en\/wp-json\/wp\/v2\/media\/38553"}],"wp:attachment":[{"href":"https:\/\/www2.comunitaria.com.br\/en\/wp-json\/wp\/v2\/media?parent=38551"}],"wp:term":[{"taxonomy":"category","embeddable":true,"href":"https:\/\/www2.comunitaria.com.br\/en\/wp-json\/wp\/v2\/categories?post=38551"},{"taxonomy":"post_tag","embeddable":true,"href":"https:\/\/www2.comunitaria.com.br\/en\/wp-json\/wp\/v2\/tags?post=38551"}],"curies":[{"name":"wp","href":"https:\/\/api.w.org\/{rel}","templated":true}]}}