{"id":38499,"date":"2020-01-17T11:12:16","date_gmt":"2020-01-17T13:12:16","guid":{"rendered":"http:\/\/www2.comunitaria.com.br\/?p=38499"},"modified":"2020-01-17T11:36:39","modified_gmt":"2020-01-17T13:36:39","slug":"notas-do-enem-2019-sao-divulgadas","status":"publish","type":"post","link":"https:\/\/www2.comunitaria.com.br\/en\/notas-do-enem-2019-sao-divulgadas\/","title":{"rendered":"Notas do Enem 2019 s\u00e3o divulgadas"},"content":{"rendered":"<div class=\"mc-column content-text active-extra-styles\" data-block-type=\"unstyled\" data-block-weight=\"31\" data-block-id=\"2\">\n<p class=\"content-text__container\" style=\"text-align: justify;\" data-track-category=\"Link no Texto\" data-track-links=\"\">As notas individuais do Exame Nacional do Ensino M\u00e9dio (Enem) 2019 foram divulgadas nesta sexta-feira, 17, por volta das 8h30min pelo Instituto Nacional de Estudos e Pesquisas Educacionais An\u00edsio Teixeira (Inep).<\/p>\n<\/div>\n<div class=\"wall protected-content\">\n<div class=\"mc-column content-text active-extra-styles\" style=\"text-align: justify;\" data-block-type=\"unstyled\" data-block-weight=\"22\" data-block-id=\"3\">\n<p class=\"content-text__container\" data-track-category=\"Link no Texto\" data-track-links=\"\">Para acessar as notas \u00e9 necess\u00e1rio utilizar o CPF e senha na P\u00e1gina do Participante (<a href=\"https:\/\/enem.inep.gov.br\/participante\/\" target=\"_blank\" rel=\"noopener noreferrer\">https:\/\/enem.inep.gov.br\/participante\/<\/a>) ou pelo aplicativo do Enem.<\/p>\n<\/div>\n<div class=\"mc-column content-text active-extra-styles\" style=\"text-align: justify;\" data-block-type=\"unstyled\" data-block-weight=\"30\" data-block-id=\"4\">\n<p class=\"content-text__container\" data-track-category=\"Link no Texto\" data-track-links=\"\">Quem n\u00e3o lembra da senha para acessar os dados pode recuper\u00e1-la ou mesmo reset\u00e1-la e fazer uma nova.&nbsp;<\/p>\n<\/div>\n<div class=\"mc-column content-text active-extra-styles\" style=\"text-align: justify;\" data-block-type=\"unstyled\" data-block-weight=\"32\" data-block-id=\"5\">\n<p class=\"content-text__container\" data-track-category=\"Link no Texto\" data-track-links=\"\">Os participantes poder\u00e3o consultar a nota da reda\u00e7\u00e3o (que varia de zero a 1 mil) e o desempenho em cada \u00e1rea de conhecimento: linguagens, ci\u00eancias humanas, ci\u00eancias da natureza e matem\u00e1tica.<\/p>\n<\/div>\n<div class=\"mc-column content-text active-extra-styles\" style=\"text-align: justify;\" data-block-type=\"unstyled\" data-block-weight=\"22\" data-block-id=\"6\">\n<p class=\"content-text__container\" data-track-category=\"Link no Texto\" data-track-links=\"\">De acordo com o Inep,&nbsp;3.709.809 pessoas fizeram o Enem 2019&nbsp;em 3 e 10 de novembro \u2013 72,81% dos 5.095.388 inscritos.<\/p>\n<\/div>\n<div class=\"mc-column content-text active-extra-styles\" data-block-type=\"unstyled\" data-block-weight=\"30\" data-block-id=\"7\">\n<p class=\"content-text__container\" style=\"text-align: justify;\" data-track-category=\"Link no Texto\" data-track-links=\"\">Aqueles que ainda n\u00e3o conclu\u00edram o ensino m\u00e9dio, ter\u00e3o que esperar at\u00e9 mar\u00e7o para acessar o boletim individual.<\/p>\n<\/div>\n<p data-track-category=\"Link no Texto\" data-track-links=\"\">&nbsp;<\/p>\n<\/div>","protected":false},"excerpt":{"rendered":"<p>As notas individuais do Exame Nacional do Ensino M\u00e9dio (Enem) 2019 foram divulgadas nesta sexta-feira, 17, por volta das 8h30min pelo Instituto Nacional de Estudos e Pesquisas Educacionais An\u00edsio Teixeira (Inep). Para acessar as notas \u00e9 necess\u00e1rio utilizar o CPF e senha na P\u00e1gina do Participante (https:\/\/enem.inep.gov.br\/participante\/) ou pelo aplicativo do Enem. Quem n\u00e3o lembra<\/p>\n<div class=\"read-more-wrapper\"><a class=\"read-more\" href=\"https:\/\/www2.comunitaria.com.br\/en\/notas-do-enem-2019-sao-divulgadas\/\" title=\"Read More\"> <span class=\"button\">Read More<\/span><\/a><\/div>","protected":false},"author":2,"featured_media":37580,"comment_status":"open","ping_status":"closed","sticky":false,"template":"","format":"standard","meta":{"ngg_post_thumbnail":0,"footnotes":""},"categories":[44,33],"tags":[53,717],"class_list":["post-38499","post","type-post","status-publish","format-standard","has-post-thumbnail","hentry","category-educacao","category-noticias","tag-enem","tag-nota"],"amp_enabled":true,"_links":{"self":[{"href":"https:\/\/www2.comunitaria.com.br\/en\/wp-json\/wp\/v2\/posts\/38499","targetHints":{"allow":["GET"]}}],"collection":[{"href":"https:\/\/www2.comunitaria.com.br\/en\/wp-json\/wp\/v2\/posts"}],"about":[{"href":"https:\/\/www2.comunitaria.com.br\/en\/wp-json\/wp\/v2\/types\/post"}],"author":[{"embeddable":true,"href":"https:\/\/www2.comunitaria.com.br\/en\/wp-json\/wp\/v2\/users\/2"}],"replies":[{"embeddable":true,"href":"https:\/\/www2.comunitaria.com.br\/en\/wp-json\/wp\/v2\/comments?post=38499"}],"version-history":[{"count":0,"href":"https:\/\/www2.comunitaria.com.br\/en\/wp-json\/wp\/v2\/posts\/38499\/revisions"}],"wp:featuredmedia":[{"embeddable":true,"href":"https:\/\/www2.comunitaria.com.br\/en\/wp-json\/wp\/v2\/media\/37580"}],"wp:attachment":[{"href":"https:\/\/www2.comunitaria.com.br\/en\/wp-json\/wp\/v2\/media?parent=38499"}],"wp:term":[{"taxonomy":"category","embeddable":true,"href":"https:\/\/www2.comunitaria.com.br\/en\/wp-json\/wp\/v2\/categories?post=38499"},{"taxonomy":"post_tag","embeddable":true,"href":"https:\/\/www2.comunitaria.com.br\/en\/wp-json\/wp\/v2\/tags?post=38499"}],"curies":[{"name":"wp","href":"https:\/\/api.w.org\/{rel}","templated":true}]}}