{"id":38361,"date":"2020-01-08T14:48:58","date_gmt":"2020-01-08T16:48:58","guid":{"rendered":"http:\/\/www2.comunitaria.com.br\/?p=38361"},"modified":"2020-01-08T14:48:58","modified_gmt":"2020-01-08T16:48:58","slug":"palmeira-das-missoes-firma-parceria-com-a-liga-feminina-de-combate-ao-cancer","status":"publish","type":"post","link":"https:\/\/www2.comunitaria.com.br\/en\/palmeira-das-missoes-firma-parceria-com-a-liga-feminina-de-combate-ao-cancer\/","title":{"rendered":"Palmeira das Miss\u00f5es firma parceria com a Liga Feminina de Combate ao C\u00e2ncer\u00a0"},"content":{"rendered":"<p style=\"text-align: justify;\">Representantes da Liga Feminina de Combate ao C\u00e2ncer de Palmeira das Miss\u00f5es estiveram no gabinete do prefeito Eduardo Freire, na manh\u00e3 desta ter\u00e7a-feira, 7.&nbsp; Na oportunidade, a Administra\u00e7\u00e3o Municipal de PM firmou parceria com a entidade \u2013 que atua de forma volunt\u00e1ria, no sentido de auxiliar financeiramente na loca\u00e7\u00e3o da sede da Liga.<\/p>\n<p style=\"text-align: justify;\">Na reuni\u00e3o, tamb\u00e9m estiveram presentes o procurador-geral do Munic\u00edpio, Jorge Adones, o procurador Renato Mussi e os vereadores Marcelo Saggin e Nico Padilha.<\/p>\n<p>&nbsp;<\/p>\n<p style=\"text-align: justify;\"><strong>Sobre a Liga<\/strong><\/p>\n<p style=\"text-align: justify;\">A Liga Feminina de Combate ao C\u00e2ncer foi fundada em 13 de janeiro de 1978, sendo uma associa\u00e7\u00e3o civil sem fins lucrativos, de car\u00e1ter beneficente de assist\u00eancia social e de promo\u00e7\u00e3o da sa\u00fade, cuja finalidade \u00e9 assistir o doente, portador de c\u00e2ncer, bem como, conscientizar e educar a popula\u00e7\u00e3o sobre a preven\u00e7\u00e3o e ao mesmo auxiliar as institui\u00e7\u00f5es de servi\u00e7os na \u00e1rea oncol\u00f3gica.<\/p>\n<p style=\"text-align: justify;\">A entidade juntamente com seu brech\u00f3, atualmente est\u00e1 localizada na Rua Gaspar Silveira Martins, esquina com Avenida Independ\u00eancia, e ampara cerca de 80 pacientes, dando suporte financeiro e em demais necessidades apresentadas.<\/p>","protected":false},"excerpt":{"rendered":"<p>Representantes da Liga Feminina de Combate ao C\u00e2ncer de Palmeira das Miss\u00f5es estiveram no gabinete do prefeito Eduardo Freire, na manh\u00e3 desta ter\u00e7a-feira, 7.&nbsp; Na oportunidade, a Administra\u00e7\u00e3o Municipal de&#8230;<\/p>","protected":false},"author":2,"featured_media":38362,"comment_status":"open","ping_status":"closed","sticky":false,"template":"","format":"standard","meta":{"ngg_post_thumbnail":0,"footnotes":""},"categories":[33,37],"tags":[1644,202],"class_list":["post-38361","post","type-post","status-publish","format-standard","has-post-thumbnail","hentry","category-noticias","category-saude","tag-liga-feminina-de-combate-ao-cancer","tag-palmeira-das-missoes"],"amp_enabled":true,"_links":{"self":[{"href":"https:\/\/www2.comunitaria.com.br\/en\/wp-json\/wp\/v2\/posts\/38361","targetHints":{"allow":["GET"]}}],"collection":[{"href":"https:\/\/www2.comunitaria.com.br\/en\/wp-json\/wp\/v2\/posts"}],"about":[{"href":"https:\/\/www2.comunitaria.com.br\/en\/wp-json\/wp\/v2\/types\/post"}],"author":[{"embeddable":true,"href":"https:\/\/www2.comunitaria.com.br\/en\/wp-json\/wp\/v2\/users\/2"}],"replies":[{"embeddable":true,"href":"https:\/\/www2.comunitaria.com.br\/en\/wp-json\/wp\/v2\/comments?post=38361"}],"version-history":[{"count":0,"href":"https:\/\/www2.comunitaria.com.br\/en\/wp-json\/wp\/v2\/posts\/38361\/revisions"}],"wp:featuredmedia":[{"embeddable":true,"href":"https:\/\/www2.comunitaria.com.br\/en\/wp-json\/wp\/v2\/media\/38362"}],"wp:attachment":[{"href":"https:\/\/www2.comunitaria.com.br\/en\/wp-json\/wp\/v2\/media?parent=38361"}],"wp:term":[{"taxonomy":"category","embeddable":true,"href":"https:\/\/www2.comunitaria.com.br\/en\/wp-json\/wp\/v2\/categories?post=38361"},{"taxonomy":"post_tag","embeddable":true,"href":"https:\/\/www2.comunitaria.com.br\/en\/wp-json\/wp\/v2\/tags?post=38361"}],"curies":[{"name":"wp","href":"https:\/\/api.w.org\/{rel}","templated":true}]}}