{"id":38303,"date":"2020-01-02T10:31:15","date_gmt":"2020-01-02T12:31:15","guid":{"rendered":"http:\/\/www2.comunitaria.com.br\/?p=38303"},"modified":"2020-01-02T10:31:19","modified_gmt":"2020-01-02T12:31:19","slug":"apoio-a-democracia-e-menor-entre-os-menos-escolarizados","status":"publish","type":"post","link":"https:\/\/www2.comunitaria.com.br\/en\/apoio-a-democracia-e-menor-entre-os-menos-escolarizados\/","title":{"rendered":"Apoio \u00e0 democracia \u00e9 menor entre os menos escolarizados"},"content":{"rendered":"<p>\u00a0A democracia perdeu espa\u00e7o no primeiro ano do governo de Jair Bolsonaro. Pesquisa\u00a0<a href=\"https:\/\/www1.folha.uol.com.br\/poder\/2020\/01\/apoio-a-democracia-cai-no-primeiro-ano-do-governo-bolsonaro-diz-datafolha.shtml\">Datafolha<\/a> divulgada na quarta-feira, 1\u00ba, mostra que 62% dos entrevistados considera que a democracia \u00e9 sempre melhor que qualquer outra forma de governo. O percentual \u00e9 menor que o do levantamento anterior, feito em 5 de outubro de 2018, semana do primeiro turno das elei\u00e7\u00f5es. Na ocasi\u00e3o, o apoio era de 69%.<\/p>\n\n\n\n<p>A\u00a0democracia\u00a0\u00e9 sempre melhor para 85% dos entrevistados com n\u00edvel superior e para 81% dos que t\u00eam renda familiar mensal superior a dez sal\u00e1rios m\u00ednimos. O \u00edndice \u00e9 de 48% entre os que cursaram apenas o ensino fundamental e para 53% dos que ganham at\u00e9 dois sal\u00e1rios m\u00ednimos.<\/p>\n\n\n\n<p>O apoio ao regime democr\u00e1tico \u00e9 menor tamb\u00e9m entre os que perderam seu emprego e j\u00e1 nem procuram mais recoloca\u00e7\u00e3o: 42%. Em compensa\u00e7\u00e3o, 80% dos apoiadores est\u00e1 entre o funcionalismo p\u00fablico. A categoria est\u00e1 na mira de pol\u00edticas do governo\u00a0Bolsonaro.<\/p>\n\n\n\n<p>A pesquisa revela tamb\u00e9m aumento no \u00edndice de indiferen\u00e7a quanto \u00e0 forma de governo. Para 22% dos entrevistados, tanto faz se o governo respeita a democracia ou se \u00e9 uma ditadura. Na pesquisa anterior era 13%. A ditadura \u201cem certas circunst\u00e2ncias\u201d ainda \u00e9 apoiada por 12%&nbsp; dos entrevistados.<\/p>\n\n\n\n<h4 class=\"wp-block-heading\">Democracia X Bolsonaro<\/h4>\n\n\n\n<p>Entre os entrevistados que consideram Jair Bolsonaro como \u00f3timo\/bom, 61% entende que a democracia \u00e9 sempre a melhor forma de governo. O \u00edndice aumenta entre os descontentes: 63% entre aqueles que avaliam como regular, e 62% entre quem o avalia como ruim\/p\u00e9ssimo.<\/p>\n\n\n\n<p>Os entrevistadores perguntaram se h\u00e1 alguma chance de uma nova ditadura no Brasil. Para 49% dos entrevistados, n\u00e3o h\u00e1 nenhuma chance de uma nova ditadura no Brasil \u2013 \u00edndice maior que os 42% da pesquisa anterior. Para 46%, h\u00e1 sim essa possibilidade, sendo que 21%&nbsp; considera a chance alta, 25% fala em alguma chance. N\u00e3o souberam responder 5%.<\/p>\n\n\n\n<p>No levantamento de 2018, 31% dizia haver muita chance e 19% considerava pouca a chance de uma nova ditadura. Dos participantes, 8% n\u00e3o soube responder.<\/p>\n\n\n\n<p>O legado da ditadura civil-militar que vigorou de 1964 a 1985 tamb\u00e9m foi abordado na pesquisa. Opini\u00e3o de que o legado \u00e9 negativo vem crescendo desde 2014, segundo o Datafolha. Eram 46% naquele ano, passando para 51% em 2018 e 59% em 2020. O dado mostra um descompasso entre a popula\u00e7\u00e3o e o presidente, que exalta a ditadura e, principalmente, torturadores e a\u00a0tortura.<\/p>\n\n\n\n<p>O instituto ouviu 2.948 pessoas nos dias 5 e 6 de dezembro, em 176 munic\u00edpios de todo o pa\u00eds. A margem de erro da pesquisa \u00e9 de dois pontos percentuais, para mais ou para menos.<\/p>\n\n\n\n<p><\/p>\n\n\n\n<p>*Rede Brasil Atual<\/p>","protected":false},"excerpt":{"rendered":"<p>\u00a0A democracia perdeu espa\u00e7o no primeiro ano do governo de Jair Bolsonaro. Pesquisa\u00a0Datafolha divulgada na quarta-feira, 1\u00ba, mostra que 62% dos entrevistados considera que a democracia \u00e9 sempre melhor que qualquer outra forma de governo. O percentual \u00e9 menor que o do levantamento anterior, feito em 5 de outubro de 2018, semana do primeiro turno<\/p>\n<div class=\"read-more-wrapper\"><a class=\"read-more\" href=\"https:\/\/www2.comunitaria.com.br\/en\/apoio-a-democracia-e-menor-entre-os-menos-escolarizados\/\" title=\"Read More\"> <span class=\"button\">Read More<\/span><\/a><\/div>","protected":false},"author":2,"featured_media":38304,"comment_status":"open","ping_status":"closed","sticky":false,"template":"","format":"standard","meta":{"ngg_post_thumbnail":0,"footnotes":""},"categories":[47,33,38],"tags":[2352],"class_list":["post-38303","post","type-post","status-publish","format-standard","has-post-thumbnail","hentry","category-brasil","category-noticias","category-politica","tag-democracia"],"amp_enabled":true,"_links":{"self":[{"href":"https:\/\/www2.comunitaria.com.br\/en\/wp-json\/wp\/v2\/posts\/38303","targetHints":{"allow":["GET"]}}],"collection":[{"href":"https:\/\/www2.comunitaria.com.br\/en\/wp-json\/wp\/v2\/posts"}],"about":[{"href":"https:\/\/www2.comunitaria.com.br\/en\/wp-json\/wp\/v2\/types\/post"}],"author":[{"embeddable":true,"href":"https:\/\/www2.comunitaria.com.br\/en\/wp-json\/wp\/v2\/users\/2"}],"replies":[{"embeddable":true,"href":"https:\/\/www2.comunitaria.com.br\/en\/wp-json\/wp\/v2\/comments?post=38303"}],"version-history":[{"count":0,"href":"https:\/\/www2.comunitaria.com.br\/en\/wp-json\/wp\/v2\/posts\/38303\/revisions"}],"wp:featuredmedia":[{"embeddable":true,"href":"https:\/\/www2.comunitaria.com.br\/en\/wp-json\/wp\/v2\/media\/38304"}],"wp:attachment":[{"href":"https:\/\/www2.comunitaria.com.br\/en\/wp-json\/wp\/v2\/media?parent=38303"}],"wp:term":[{"taxonomy":"category","embeddable":true,"href":"https:\/\/www2.comunitaria.com.br\/en\/wp-json\/wp\/v2\/categories?post=38303"},{"taxonomy":"post_tag","embeddable":true,"href":"https:\/\/www2.comunitaria.com.br\/en\/wp-json\/wp\/v2\/tags?post=38303"}],"curies":[{"name":"wp","href":"https:\/\/api.w.org\/{rel}","templated":true}]}}