{"id":38267,"date":"2019-12-27T16:25:37","date_gmt":"2019-12-27T18:25:37","guid":{"rendered":"http:\/\/www2.comunitaria.com.br\/?p=38267"},"modified":"2019-12-27T16:31:26","modified_gmt":"2019-12-27T18:31:26","slug":"governo-leite-prorroga-por-quatro-anos-prazo-para-adequacoes-a-lei-kiss","status":"publish","type":"post","link":"https:\/\/www2.comunitaria.com.br\/en\/governo-leite-prorroga-por-quatro-anos-prazo-para-adequacoes-a-lei-kiss\/","title":{"rendered":"Governo Leite prorroga por quatro anos prazo para adequa\u00e7\u00f5es \u00e0 Lei Kiss"},"content":{"rendered":"<p style=\"text-align: justify;\">O prazo limite para adequa\u00e7\u00e3o de empreendimentos p\u00fablicos e privados \u00e0 Lei Kiss, que terminaria nesta sexta-feira, 27, foi prorrogado para daqui a quatro anos.&nbsp;A prorroga\u00e7\u00e3o, que atende a&nbsp;demanda de setores empresariais, foi oficializada por decreto nesta semana.<\/p>\n<p style=\"text-align: justify;\">O&nbsp;<a href=\"https:\/\/estado.rs.gov.br\/upload\/arquivos\/\/decreto-54942.pdf\" target=\"_blank\" rel=\"noopener\">decreto 54.942\/19, publicado no Di\u00e1rio Oficial do Estado em 23 de dezembro de 2019<\/a>, prev\u00ea a altera\u00e7\u00e3o na legisla\u00e7\u00e3o que regulamenta a Lei Complementar 14.376\/13, que trata sobre as normas de seguran\u00e7a, preven\u00e7\u00e3o e prote\u00e7\u00e3o contra inc\u00eandio em edifica\u00e7\u00f5es e \u00e1reas de risco de inc\u00eandio.<\/p>\n<p style=\"text-align: justify;\">Conforme a normativa, ser\u00e3o concedidos mais quatro anos para que os respons\u00e1veis pelas edifica\u00e7\u00f5es possam se adaptar a legisla\u00e7\u00e3o. De acordo com o decreto, os estabelecimentos ter\u00e3o dois anos para apresenta\u00e7\u00e3o de Plano de Preven\u00e7\u00e3o Contra Inc\u00eandio (PPCI) e outros 24 meses para a instala\u00e7\u00e3o de todos os equipamentos de seguran\u00e7a obrigat\u00f3rios e obten\u00e7\u00e3o de alvar\u00e1 do Corpo de Bombeiros. Para os empreendimentos de alto risco, como casas noturnas, contudo, n\u00e3o haver\u00e1 mudan\u00e7as no tempo limite de adequa\u00e7\u00e3o.<\/p>\n<p style=\"text-align: justify;\">Conforme o Departamento de Seguran\u00e7a e Prote\u00e7\u00e3o Contra Inc\u00eandio dos Bombeiros, atualmente, o tempo m\u00e9dio para avalia\u00e7\u00e3o de&nbsp;PPCI&nbsp;e vistoria em edifica\u00e7\u00e3o \u00e9 de 34 dias no Estado.<\/p>\n<p style=\"text-align: justify;\">Apelidada de Lei Kiss, a legisla\u00e7\u00e3o alterando as regras de prote\u00e7\u00e3o contra inc\u00eandios foi aprovada pela Assembleia em 2013, ap\u00f3s a trag\u00e9dia ocorrida no in\u00edcio daquele ano e que matou 242 pessoas na boate Kiss, em Santa Maria, no Centro do Estado. A regulamenta\u00e7\u00e3o da lei ocorreu em setembro de 2014. Em 2016, um novo texto,&nbsp;flexibilizando a lei original, foi aprovado, e o prazo para adequa\u00e7\u00f5es foi ampliado de 2018 para 2019.<\/p>","protected":false},"excerpt":{"rendered":"<p>O prazo limite para adequa\u00e7\u00e3o de empreendimentos p\u00fablicos e privados \u00e0 Lei Kiss, que terminaria nesta sexta-feira, 27, foi prorrogado para daqui a quatro anos.&nbsp;A prorroga\u00e7\u00e3o, que atende a&nbsp;demanda de&#8230;<\/p>","protected":false},"author":2,"featured_media":38269,"comment_status":"open","ping_status":"closed","sticky":false,"template":"","format":"standard","meta":{"ngg_post_thumbnail":0,"footnotes":""},"categories":[46,28,33],"tags":[4517,641,648,281,3109],"class_list":["post-38267","post","type-post","status-publish","format-standard","has-post-thumbnail","hentry","category-estado","category-destaque","category-noticias","tag-governo-leite","tag-incendio","tag-kiss","tag-lei","tag-prorrogacao"],"amp_enabled":true,"_links":{"self":[{"href":"https:\/\/www2.comunitaria.com.br\/en\/wp-json\/wp\/v2\/posts\/38267","targetHints":{"allow":["GET"]}}],"collection":[{"href":"https:\/\/www2.comunitaria.com.br\/en\/wp-json\/wp\/v2\/posts"}],"about":[{"href":"https:\/\/www2.comunitaria.com.br\/en\/wp-json\/wp\/v2\/types\/post"}],"author":[{"embeddable":true,"href":"https:\/\/www2.comunitaria.com.br\/en\/wp-json\/wp\/v2\/users\/2"}],"replies":[{"embeddable":true,"href":"https:\/\/www2.comunitaria.com.br\/en\/wp-json\/wp\/v2\/comments?post=38267"}],"version-history":[{"count":0,"href":"https:\/\/www2.comunitaria.com.br\/en\/wp-json\/wp\/v2\/posts\/38267\/revisions"}],"wp:featuredmedia":[{"embeddable":true,"href":"https:\/\/www2.comunitaria.com.br\/en\/wp-json\/wp\/v2\/media\/38269"}],"wp:attachment":[{"href":"https:\/\/www2.comunitaria.com.br\/en\/wp-json\/wp\/v2\/media?parent=38267"}],"wp:term":[{"taxonomy":"category","embeddable":true,"href":"https:\/\/www2.comunitaria.com.br\/en\/wp-json\/wp\/v2\/categories?post=38267"},{"taxonomy":"post_tag","embeddable":true,"href":"https:\/\/www2.comunitaria.com.br\/en\/wp-json\/wp\/v2\/tags?post=38267"}],"curies":[{"name":"wp","href":"https:\/\/api.w.org\/{rel}","templated":true}]}}