{"id":38249,"date":"2019-12-24T11:15:37","date_gmt":"2019-12-24T13:15:37","guid":{"rendered":"http:\/\/www2.comunitaria.com.br\/?p=38249"},"modified":"2019-12-24T11:15:37","modified_gmt":"2019-12-24T13:15:37","slug":"localizacao-de-radares-moveis-em-rodovias-estaduais-sera-divulgada-durante-o-verao","status":"publish","type":"post","link":"https:\/\/www2.comunitaria.com.br\/en\/localizacao-de-radares-moveis-em-rodovias-estaduais-sera-divulgada-durante-o-verao\/","title":{"rendered":"Localiza\u00e7\u00e3o de radares m\u00f3veis em rodovias estaduais ser\u00e1 divulgada durante o ver\u00e3o"},"content":{"rendered":"<p style=\"text-align: justify;\">Uma a\u00e7\u00e3o in\u00e9dita para a educa\u00e7\u00e3o no tr\u00e2nsito envolver\u00e1 as principais rotas de veraneio dos ga\u00fachos. A partir desta semana, os usu\u00e1rios de rodovias estaduais saber\u00e3o quais estradas ter\u00e3o fiscaliza\u00e7\u00e3o refor\u00e7ada com radares m\u00f3veis.<\/p>\n<p style=\"text-align: justify;\">A iniciativa consiste na divulga\u00e7\u00e3o de boletins semanais para os ve\u00edculos de comunica\u00e7\u00e3o, com a localiza\u00e7\u00e3o de rodovias onde haver\u00e1 fiscaliza\u00e7\u00e3o com o uso dos equipamentos. A a\u00e7\u00e3o \u00e9 coordenada pela Secretaria de Log\u00edstica e Transportes e realizada em conjunto com o Departamento Aut\u00f4nomo de Estradas de Rodagem (Daer), a Empresa Ga\u00facha de Rodovias (EGR) e o Comando Rodovi\u00e1rio da Brigada Militar (CRBM).&nbsp;<\/p>\n<p style=\"text-align: justify;\">\u201cEsse monitoramento abrange tanto as estradas do litoral quanto de outras regi\u00f5es onde tamb\u00e9m h\u00e1 aumento na circula\u00e7\u00e3o de ve\u00edculos, como a Serra Ga\u00facha\u201d, detalha o secret\u00e1rio Juvir Costella. \u201cO objetivo \u00e9 conscientizar os motoristas e dar a certeza de que o Estado se faz presente, atuando pela seguran\u00e7a das viagens.\u201d<\/p>\n<p style=\"text-align: justify;\">Cerca de 80 radares m\u00f3veis refor\u00e7am o monitoramento nas estradas estaduais durante o per\u00edodo de veraneio. Esta semana, os equipamentos operam nas seguintes rodovias, entre outras:<\/p>\n<p style=\"text-align: justify;\">\u2022 ERS-324, entre Passo Fundo e Ira\u00ed<br \/>\n\u2022 ERS-135, entre Passo Fundo e Erechim<br \/>\n\u2022 RSC-287, entre Taba\u00ed e Santa Maria<br \/>\n\u2022 ERS-734, entre Rio Grande e Cassino<br \/>\n\u2022 Rota do Sol, entre Caxias do Sul e Terra de Areia<br \/>\n\u2022 Estrada do Mar, entre Os\u00f3rio e Torres<\/p>\n<p style=\"text-align: justify;\">O refor\u00e7o na fiscaliza\u00e7\u00e3o por radares m\u00f3veis e a divulga\u00e7\u00e3o das rodovias monitoradas integram a opera\u00e7\u00e3o RS Ver\u00e3o Total, promovida pelo governo do Estado. A mobiliza\u00e7\u00e3o, que re\u00fane secretarias, \u00f3rg\u00e3os e entidades, tem o intuito de melhorar os servi\u00e7os prestados \u00e0 popula\u00e7\u00e3o nos principais destinos da temporada. As atividades v\u00e3o at\u00e9 2 de mar\u00e7o de 2020.<\/p>\n<p style=\"text-align: justify;\"><sub><em>*J\u00falio Cunha Neto\/Ascom Selt<\/em><\/sub><\/p>","protected":false},"excerpt":{"rendered":"<p>Uma a\u00e7\u00e3o in\u00e9dita para a educa\u00e7\u00e3o no tr\u00e2nsito envolver\u00e1 as principais rotas de veraneio dos ga\u00fachos. A partir desta semana, os usu\u00e1rios de rodovias estaduais saber\u00e3o quais estradas ter\u00e3o fiscaliza\u00e7\u00e3o&#8230;<\/p>","protected":false},"author":2,"featured_media":38250,"comment_status":"open","ping_status":"closed","sticky":false,"template":"","format":"standard","meta":{"ngg_post_thumbnail":0,"footnotes":""},"categories":[46,33,3598],"tags":[4514,78],"class_list":["post-38249","post","type-post","status-publish","format-standard","has-post-thumbnail","hentry","category-estado","category-noticias","category-transito","tag-radar-movel","tag-seguranca"],"amp_enabled":true,"_links":{"self":[{"href":"https:\/\/www2.comunitaria.com.br\/en\/wp-json\/wp\/v2\/posts\/38249","targetHints":{"allow":["GET"]}}],"collection":[{"href":"https:\/\/www2.comunitaria.com.br\/en\/wp-json\/wp\/v2\/posts"}],"about":[{"href":"https:\/\/www2.comunitaria.com.br\/en\/wp-json\/wp\/v2\/types\/post"}],"author":[{"embeddable":true,"href":"https:\/\/www2.comunitaria.com.br\/en\/wp-json\/wp\/v2\/users\/2"}],"replies":[{"embeddable":true,"href":"https:\/\/www2.comunitaria.com.br\/en\/wp-json\/wp\/v2\/comments?post=38249"}],"version-history":[{"count":0,"href":"https:\/\/www2.comunitaria.com.br\/en\/wp-json\/wp\/v2\/posts\/38249\/revisions"}],"wp:featuredmedia":[{"embeddable":true,"href":"https:\/\/www2.comunitaria.com.br\/en\/wp-json\/wp\/v2\/media\/38250"}],"wp:attachment":[{"href":"https:\/\/www2.comunitaria.com.br\/en\/wp-json\/wp\/v2\/media?parent=38249"}],"wp:term":[{"taxonomy":"category","embeddable":true,"href":"https:\/\/www2.comunitaria.com.br\/en\/wp-json\/wp\/v2\/categories?post=38249"},{"taxonomy":"post_tag","embeddable":true,"href":"https:\/\/www2.comunitaria.com.br\/en\/wp-json\/wp\/v2\/tags?post=38249"}],"curies":[{"name":"wp","href":"https:\/\/api.w.org\/{rel}","templated":true}]}}