{"id":38241,"date":"2019-12-24T09:22:43","date_gmt":"2019-12-24T11:22:43","guid":{"rendered":"http:\/\/www2.comunitaria.com.br\/?p=38241"},"modified":"2019-12-24T09:22:43","modified_gmt":"2019-12-24T11:22:43","slug":"cras-realiza-oficina-de-customizacao-de-roupas","status":"publish","type":"post","link":"https:\/\/www2.comunitaria.com.br\/en\/cras-realiza-oficina-de-customizacao-de-roupas\/","title":{"rendered":"Cras realiza oficina de customiza\u00e7\u00e3o de roupas"},"content":{"rendered":"<p style=\"text-align: justify;\">O Centro de Refer\u00eancia de Assist\u00eancia Social (Cras) realizou nesta segunda-feira, 23, o encerramento da oficina de Customiza\u00e7\u00e3o de Roupas, voltada para benefici\u00e1rios do Bolsa Fam\u00edlia. Durante o evento, foi realizada uma confraterniza\u00e7\u00e3o e as alunas puderam expor as pe\u00e7as customizadas.<\/p>\n<p style=\"text-align: justify;\">A oficina iniciou no dia 13 de novembro e, no total, foram realizados sete encontros, ministrados pela estilista, Iva Regina. Durante a oficina, as 15 alunas tiveram a oportunidade de aprender t\u00e9cnicas de aplique em pedraria, renda e p\u00e9rolas, remodelagem de pe\u00e7as em <em>jeans<\/em> e confec\u00e7\u00e3o de la\u00e7os em fita e renda.<\/p>","protected":false},"excerpt":{"rendered":"<p>O Centro de Refer\u00eancia de Assist\u00eancia Social (Cras) realizou nesta segunda-feira, 23, o encerramento da oficina de Customiza\u00e7\u00e3o de Roupas, voltada para benefici\u00e1rios do Bolsa Fam\u00edlia. Durante o evento, foi realizada uma confraterniza\u00e7\u00e3o e as alunas puderam expor as pe\u00e7as customizadas. A oficina iniciou no dia 13 de novembro e, no total, foram realizados sete<\/p>\n<div class=\"read-more-wrapper\"><a class=\"read-more\" href=\"https:\/\/www2.comunitaria.com.br\/en\/cras-realiza-oficina-de-customizacao-de-roupas\/\" title=\"Read More\"> <span class=\"button\">Read More<\/span><\/a><\/div>","protected":false},"author":2,"featured_media":38242,"comment_status":"open","ping_status":"closed","sticky":false,"template":"","format":"standard","meta":{"ngg_post_thumbnail":0,"footnotes":""},"categories":[42,33],"tags":[4509,4511,1909,1020,2280],"class_list":["post-38241","post","type-post","status-publish","format-standard","has-post-thumbnail","hentry","category-fred-west","category-noticias","tag-beneficiarios","tag-bols-familia","tag-cras","tag-curso","tag-oficina"],"amp_enabled":true,"_links":{"self":[{"href":"https:\/\/www2.comunitaria.com.br\/en\/wp-json\/wp\/v2\/posts\/38241","targetHints":{"allow":["GET"]}}],"collection":[{"href":"https:\/\/www2.comunitaria.com.br\/en\/wp-json\/wp\/v2\/posts"}],"about":[{"href":"https:\/\/www2.comunitaria.com.br\/en\/wp-json\/wp\/v2\/types\/post"}],"author":[{"embeddable":true,"href":"https:\/\/www2.comunitaria.com.br\/en\/wp-json\/wp\/v2\/users\/2"}],"replies":[{"embeddable":true,"href":"https:\/\/www2.comunitaria.com.br\/en\/wp-json\/wp\/v2\/comments?post=38241"}],"version-history":[{"count":0,"href":"https:\/\/www2.comunitaria.com.br\/en\/wp-json\/wp\/v2\/posts\/38241\/revisions"}],"wp:featuredmedia":[{"embeddable":true,"href":"https:\/\/www2.comunitaria.com.br\/en\/wp-json\/wp\/v2\/media\/38242"}],"wp:attachment":[{"href":"https:\/\/www2.comunitaria.com.br\/en\/wp-json\/wp\/v2\/media?parent=38241"}],"wp:term":[{"taxonomy":"category","embeddable":true,"href":"https:\/\/www2.comunitaria.com.br\/en\/wp-json\/wp\/v2\/categories?post=38241"},{"taxonomy":"post_tag","embeddable":true,"href":"https:\/\/www2.comunitaria.com.br\/en\/wp-json\/wp\/v2\/tags?post=38241"}],"curies":[{"name":"wp","href":"https:\/\/api.w.org\/{rel}","templated":true}]}}