{"id":38238,"date":"2019-12-23T17:44:47","date_gmt":"2019-12-23T19:44:47","guid":{"rendered":"http:\/\/www2.comunitaria.com.br\/?p=38238"},"modified":"2019-12-23T17:44:47","modified_gmt":"2019-12-23T19:44:47","slug":"ultimos-dias-para-visitar-o-papai-noel-na-praca-da-matriz","status":"publish","type":"post","link":"https:\/\/www2.comunitaria.com.br\/en\/ultimos-dias-para-visitar-o-papai-noel-na-praca-da-matriz\/","title":{"rendered":"\u00daltimos dias para visitar o Papai Noel na Pra\u00e7a da Matriz"},"content":{"rendered":"<p style=\"text-align: justify;\">O Natal est\u00e1 chegando e, por isso, o Papai Noel estar\u00e1 abrindo as portas de sua casinha, na Pra\u00e7a da Matriz, pelas \u00faltimas vezes neste ano. Nessa segunda-feira, 23, as visitas na casa do bom velhinho v\u00e3o at\u00e9 \u00e0s 17h30 e das 18h30 at\u00e9 \u00e0s 22h30, e ter\u00e7a-feira, 24, na v\u00e9spera de Natal, das 9 horas \u00e0s 11 horas.<\/p>\n<p style=\"text-align: justify;\">A comunidade regional ainda poder\u00e1 apreciar as decora\u00e7\u00f5es natalinas at\u00e9 o dia 7 de janeiro de 2020.<\/p>","protected":false},"excerpt":{"rendered":"<p>O Natal est\u00e1 chegando e, por isso, o Papai Noel estar\u00e1 abrindo as portas de sua casinha, na Pra\u00e7a da Matriz, pelas \u00faltimas vezes neste ano. Nessa segunda-feira, 23, as visitas na casa do bom velhinho v\u00e3o at\u00e9 \u00e0s 17h30 e das 18h30 at\u00e9 \u00e0s 22h30, e ter\u00e7a-feira, 24, na v\u00e9spera de Natal, das 9<\/p>\n<div class=\"read-more-wrapper\"><a class=\"read-more\" href=\"https:\/\/www2.comunitaria.com.br\/en\/ultimos-dias-para-visitar-o-papai-noel-na-praca-da-matriz\/\" title=\"Read More\"> <span class=\"button\">Read More<\/span><\/a><\/div>","protected":false},"author":2,"featured_media":38239,"comment_status":"open","ping_status":"closed","sticky":false,"template":"","format":"standard","meta":{"ngg_post_thumbnail":0,"footnotes":""},"categories":[42,33],"tags":[4510,268,187,2124,2845,246],"class_list":["post-38238","post","type-post","status-publish","format-standard","has-post-thumbnail","hentry","category-fred-west","category-noticias","tag-casinha","tag-criancas","tag-frederico-em-luz","tag-papai-noel","tag-praca","tag-visita"],"amp_enabled":true,"_links":{"self":[{"href":"https:\/\/www2.comunitaria.com.br\/en\/wp-json\/wp\/v2\/posts\/38238","targetHints":{"allow":["GET"]}}],"collection":[{"href":"https:\/\/www2.comunitaria.com.br\/en\/wp-json\/wp\/v2\/posts"}],"about":[{"href":"https:\/\/www2.comunitaria.com.br\/en\/wp-json\/wp\/v2\/types\/post"}],"author":[{"embeddable":true,"href":"https:\/\/www2.comunitaria.com.br\/en\/wp-json\/wp\/v2\/users\/2"}],"replies":[{"embeddable":true,"href":"https:\/\/www2.comunitaria.com.br\/en\/wp-json\/wp\/v2\/comments?post=38238"}],"version-history":[{"count":0,"href":"https:\/\/www2.comunitaria.com.br\/en\/wp-json\/wp\/v2\/posts\/38238\/revisions"}],"wp:featuredmedia":[{"embeddable":true,"href":"https:\/\/www2.comunitaria.com.br\/en\/wp-json\/wp\/v2\/media\/38239"}],"wp:attachment":[{"href":"https:\/\/www2.comunitaria.com.br\/en\/wp-json\/wp\/v2\/media?parent=38238"}],"wp:term":[{"taxonomy":"category","embeddable":true,"href":"https:\/\/www2.comunitaria.com.br\/en\/wp-json\/wp\/v2\/categories?post=38238"},{"taxonomy":"post_tag","embeddable":true,"href":"https:\/\/www2.comunitaria.com.br\/en\/wp-json\/wp\/v2\/tags?post=38238"}],"curies":[{"name":"wp","href":"https:\/\/api.w.org\/{rel}","templated":true}]}}