{"id":38233,"date":"2019-12-23T15:55:57","date_gmt":"2019-12-23T17:55:57","guid":{"rendered":"http:\/\/www2.comunitaria.com.br\/?p=38233"},"modified":"2019-12-23T15:55:57","modified_gmt":"2019-12-23T17:55:57","slug":"administracao-municipal-define-horarios-para-o-final-de-ano","status":"publish","type":"post","link":"https:\/\/www2.comunitaria.com.br\/en\/administracao-municipal-define-horarios-para-o-final-de-ano\/","title":{"rendered":"Administra\u00e7\u00e3o Municipal define hor\u00e1rios para o final de ano"},"content":{"rendered":"<p style=\"text-align: justify;\">Foram definidos pela Administra\u00e7\u00e3o Municipal de Frederico Westphalen os hor\u00e1rios de funcionamento para as v\u00e9speras dos feriados de Natal e Ano Novo. Nas ter\u00e7as-feiras, dias 24 e 31, n\u00e3o haver\u00e1 expediente administrativo nos \u00f3rg\u00e3os municipais.<\/p>\n<p style=\"text-align: justify;\">Os servi\u00e7os essenciais, como atendimentos nas Unidades B\u00e1sicas de Sa\u00fade (UBS),&nbsp;ser\u00e3o das 7 horas \u00e0s 13 horas. O recolhimento do lixo em hor\u00e1rio diferenciado nas v\u00e9speras dos feriados: das 6 horas \u00e0s 10h30min.<\/p>\n<p style=\"text-align: justify;\">Conforme o secret\u00e1rio de Ind\u00fastria, Com\u00e9rcio e Turismo, Alessandro Molossi, o ideal \u00e9 que o lixo seja depositado nas lixeiras at\u00e9 \u00e0s 6 horas dos dias 24 e 31, para agilizar o trabalho dos garis. \u201cCaso as pessoas n\u00e3o consigam depositar o lixo at\u00e9 as 6 horas, pedimos que depositem no dia anterior ou no hor\u00e1rio normal do dia 26 ou no dia 2 de janeiro, pois nesses dias o recolhimento estar\u00e1 normalizado\u201d, explicou.<\/p>\n<p style=\"text-align: justify;\">Apesar das datas festivas, a Secretaria de Obras, Via\u00e7\u00e3o e Servi\u00e7os Urbanos manter\u00e1 o servi\u00e7o de plant\u00e3o em funcionamento nas v\u00e9speras e tamb\u00e9m nos feriados. Para alguma emerg\u00eancia, a popula\u00e7\u00e3o pode entrar em contato atrav\u00e9s dos telefones: (55) 99911-1985 (Valmor Pavan), (55) 99720-7904 (Ferrinho), e (55) 99904-9493 (Daiane).<\/p>","protected":false},"excerpt":{"rendered":"<p>Foram definidos pela Administra\u00e7\u00e3o Municipal de Frederico Westphalen os hor\u00e1rios de funcionamento para as v\u00e9speras dos feriados de Natal e Ano Novo. Nas ter\u00e7as-feiras, dias 24 e 31, n\u00e3o haver\u00e1&#8230;<\/p>","protected":false},"author":2,"featured_media":38141,"comment_status":"open","ping_status":"closed","sticky":false,"template":"","format":"standard","meta":{"ngg_post_thumbnail":0,"footnotes":""},"categories":[42,28],"tags":[2197,1810,423,287],"class_list":["post-38233","post","type-post","status-publish","format-standard","has-post-thumbnail","hentry","category-fred-west","category-destaque","tag-ano-novo","tag-coleta","tag-lixo","tag-natal"],"amp_enabled":true,"_links":{"self":[{"href":"https:\/\/www2.comunitaria.com.br\/en\/wp-json\/wp\/v2\/posts\/38233","targetHints":{"allow":["GET"]}}],"collection":[{"href":"https:\/\/www2.comunitaria.com.br\/en\/wp-json\/wp\/v2\/posts"}],"about":[{"href":"https:\/\/www2.comunitaria.com.br\/en\/wp-json\/wp\/v2\/types\/post"}],"author":[{"embeddable":true,"href":"https:\/\/www2.comunitaria.com.br\/en\/wp-json\/wp\/v2\/users\/2"}],"replies":[{"embeddable":true,"href":"https:\/\/www2.comunitaria.com.br\/en\/wp-json\/wp\/v2\/comments?post=38233"}],"version-history":[{"count":0,"href":"https:\/\/www2.comunitaria.com.br\/en\/wp-json\/wp\/v2\/posts\/38233\/revisions"}],"wp:featuredmedia":[{"embeddable":true,"href":"https:\/\/www2.comunitaria.com.br\/en\/wp-json\/wp\/v2\/media\/38141"}],"wp:attachment":[{"href":"https:\/\/www2.comunitaria.com.br\/en\/wp-json\/wp\/v2\/media?parent=38233"}],"wp:term":[{"taxonomy":"category","embeddable":true,"href":"https:\/\/www2.comunitaria.com.br\/en\/wp-json\/wp\/v2\/categories?post=38233"},{"taxonomy":"post_tag","embeddable":true,"href":"https:\/\/www2.comunitaria.com.br\/en\/wp-json\/wp\/v2\/tags?post=38233"}],"curies":[{"name":"wp","href":"https:\/\/api.w.org\/{rel}","templated":true}]}}